{"id":2159,"date":"2022-03-09T13:07:27","date_gmt":"2022-03-09T12:07:27","guid":{"rendered":"https:\/\/agora.xtec.cat\/escguillemisarn\/?p=2159"},"modified":"2022-03-09T13:10:38","modified_gmt":"2022-03-09T12:10:38","slug":"ens-visita-el-senyor-alcalde","status":"publish","type":"post","link":"https:\/\/agora.xtec.cat\/escguillemisarn\/general\/ens-visita-el-senyor-alcalde\/","title":{"rendered":"Ens visita el senyor alcalde!"},"content":{"rendered":"<p>&nbsp;<\/p>\n<p><a href=\"https:\/\/agora.xtec.cat\/escguillemisarn\/wp-content\/uploads\/usu1631\/2022\/03\/IMG-20220309-WA0024.jpg\"><img loading=\"lazy\" decoding=\"async\" class=\"alignnone size-large wp-image-2160\" src=\"https:\/\/agora.xtec.cat\/escguillemisarn\/wp-content\/uploads\/usu1631\/2022\/03\/IMG-20220309-WA0024-1024x768.jpg\" alt=\"\" width=\"1024\" height=\"768\" srcset=\"https:\/\/agora.xtec.cat\/escguillemisarn\/wp-content\/uploads\/usu1631\/2022\/03\/IMG-20220309-WA0024-1024x768.jpg 1024w, https:\/\/agora.xtec.cat\/escguillemisarn\/wp-content\/uploads\/usu1631\/2022\/03\/IMG-20220309-WA0024-300x225.jpg 300w, https:\/\/agora.xtec.cat\/escguillemisarn\/wp-content\/uploads\/usu1631\/2022\/03\/IMG-20220309-WA0024-768x576.jpg 768w, https:\/\/agora.xtec.cat\/escguillemisarn\/wp-content\/uploads\/usu1631\/2022\/03\/IMG-20220309-WA0024-1536x1152.jpg 1536w, https:\/\/agora.xtec.cat\/escguillemisarn\/wp-content\/uploads\/usu1631\/2022\/03\/IMG-20220309-WA0024-200x150.jpg 200w, https:\/\/agora.xtec.cat\/escguillemisarn\/wp-content\/uploads\/usu1631\/2022\/03\/IMG-20220309-WA0024.jpg 2016w\" sizes=\"auto, (max-width: 1024px) 100vw, 1024px\" \/><\/a><\/p>\n<p>&nbsp;<\/p>\n<p>Avui ens ha visitat el senyor alcalde en motiu del projecte educatiu de centre: apadrinem les places del nostre poble.<\/p>\n<p>Ens ha contestat les preguntes i ens ha donat la informaci\u00f3 necess\u00e0ria que vol\u00edem con\u00e8ixer.<\/p>\n<p>Estem molt agra\u00efts i agra\u00efdes per la seva atenci\u00f3 mostrada.<\/p>\n<p>A continuaci\u00f3 us deixem un recull de fotografies de la trobada:<\/p>\n<p><a href=\"https:\/\/photos.app.goo.gl\/qsPhK2dujry7duEv5\">https:\/\/photos.app.goo.gl\/qsPhK2dujry7duEv5<\/a><\/p>\n<p>&nbsp;<\/p>\n","protected":false},"excerpt":{"rendered":"<p>&nbsp;<br \/>\n<a href=\"https:\/\/agora.xtec.cat\/escguillemisarn\/wp-content\/uploads\/usu1631\/2022\/03\/IMG-20220309-WA0024.jpg\"><\/a><br \/>\n&nbsp;<br \/>\nAvui ens ha visitat el senyor alcalde en motiu del projecte educatiu de centre: apadrinem les places del nostre poble.<br \/>\nEns ha contestat les preguntes i ens ha donat la informaci\u00f3 necess\u00e0ria que vol\u00edem con\u00e8ixer.<br \/>\nEstem molt agra\u00efts i agra\u00efdes per la seva atenci\u00f3 mostrada.<br \/>\nA continuaci\u00f3&hellip;  <a href=\"https:\/\/agora.xtec.cat\/escguillemisarn\/general\/ens-visita-el-senyor-alcalde\/\" title=\"Read Ens visita el senyor alcalde!\">Llegeix m\u00e9s\u00bb<\/a><\/p>\n","protected":false},"author":1,"featured_media":0,"comment_status":"open","ping_status":"closed","sticky":false,"template":"","format":"standard","meta":{"_bbp_topic_count":0,"_bbp_reply_count":0,"_bbp_total_topic_count":0,"_bbp_total_reply_count":0,"_bbp_voice_count":0,"_bbp_anonymous_reply_count":0,"_bbp_topic_count_hidden":0,"_bbp_reply_count_hidden":0,"_bbp_forum_subforum_count":0,"footnotes":""},"categories":[74,73,77,1,4,5],"tags":[],"class_list":["post-2159","post","type-post","status-publish","format-standard","hentry","category-apadrinament","category-cs","category-escola-verda","category-general","category-portada","category-primaria"],"post_mailing_queue_ids":[],"_links":{"self":[{"href":"https:\/\/agora.xtec.cat\/escguillemisarn\/wp-json\/wp\/v2\/posts\/2159","targetHints":{"allow":["GET"]}}],"collection":[{"href":"https:\/\/agora.xtec.cat\/escguillemisarn\/wp-json\/wp\/v2\/posts"}],"about":[{"href":"https:\/\/agora.xtec.cat\/escguillemisarn\/wp-json\/wp\/v2\/types\/post"}],"author":[{"embeddable":true,"href":"https:\/\/agora.xtec.cat\/escguillemisarn\/wp-json\/wp\/v2\/users\/1"}],"replies":[{"embeddable":true,"href":"https:\/\/agora.xtec.cat\/escguillemisarn\/wp-json\/wp\/v2\/comments?post=2159"}],"version-history":[{"count":2,"href":"https:\/\/agora.xtec.cat\/escguillemisarn\/wp-json\/wp\/v2\/posts\/2159\/revisions"}],"predecessor-version":[{"id":2162,"href":"https:\/\/agora.xtec.cat\/escguillemisarn\/wp-json\/wp\/v2\/posts\/2159\/revisions\/2162"}],"wp:attachment":[{"href":"https:\/\/agora.xtec.cat\/escguillemisarn\/wp-json\/wp\/v2\/media?parent=2159"}],"wp:term":[{"taxonomy":"category","embeddable":true,"href":"https:\/\/agora.xtec.cat\/escguillemisarn\/wp-json\/wp\/v2\/categories?post=2159"},{"taxonomy":"post_tag","embeddable":true,"href":"https:\/\/agora.xtec.cat\/escguillemisarn\/wp-json\/wp\/v2\/tags?post=2159"}],"curies":[{"name":"wp","href":"https:\/\/api.w.org\/{rel}","templated":true}]}}