{"id":2153,"date":"2022-03-08T13:59:47","date_gmt":"2022-03-08T12:59:47","guid":{"rendered":"https:\/\/agora.xtec.cat\/escguillemisarn\/?p=2153"},"modified":"2022-03-09T09:41:03","modified_gmt":"2022-03-09T08:41:03","slug":"matemagia","status":"publish","type":"post","link":"https:\/\/agora.xtec.cat\/escguillemisarn\/general\/matemagia\/","title":{"rendered":"MATEM\u00c0GIA !"},"content":{"rendered":"<p><a href=\"https:\/\/agora.xtec.cat\/escguillemisarn\/wp-content\/uploads\/usu1631\/2022\/03\/Mejores-apps-trucos-de-magia.jpg\"><img loading=\"lazy\" decoding=\"async\" class=\"wp-image-2154 aligncenter\" src=\"https:\/\/agora.xtec.cat\/escguillemisarn\/wp-content\/uploads\/usu1631\/2022\/03\/Mejores-apps-trucos-de-magia-1024x512.jpg\" alt=\"\" width=\"410\" height=\"205\" srcset=\"https:\/\/agora.xtec.cat\/escguillemisarn\/wp-content\/uploads\/usu1631\/2022\/03\/Mejores-apps-trucos-de-magia-1024x512.jpg 1024w, https:\/\/agora.xtec.cat\/escguillemisarn\/wp-content\/uploads\/usu1631\/2022\/03\/Mejores-apps-trucos-de-magia-300x150.jpg 300w, https:\/\/agora.xtec.cat\/escguillemisarn\/wp-content\/uploads\/usu1631\/2022\/03\/Mejores-apps-trucos-de-magia-768x384.jpg 768w, https:\/\/agora.xtec.cat\/escguillemisarn\/wp-content\/uploads\/usu1631\/2022\/03\/Mejores-apps-trucos-de-magia.jpg 1200w\" sizes=\"auto, (max-width: 410px) 100vw, 410px\" \/><\/a><\/p>\n<p>Els alumnes de l&#8217;escola hem gaudit d&#8217;una sessi\u00f3 de matem\u00e0tiques ben diferent, el &#8220;Mag Toni&#8221; ens ha brindat una classe de MATEM\u00c0GIA! Un mot creat a partir d&#8217;un joc de paraules on gr\u00e0cies a la m\u00e0gia i les matem\u00e0tiques hem apr\u00e9s alguns trucs per comptar i recomptar ben engrescadors.<\/p>\n<p>Volem agrair al &#8220;mag&#8221; la seva dedicaci\u00f3 i la manera que ens ha presentat aquest projecte.<\/p>\n<p>I si voleu veure algunes fotos, aqu\u00ed us les deixem:<\/p>\n<p><a href=\"https:\/\/photos.app.goo.gl\/VZbcpZQ6L1m6Ai7T7\">https:\/\/photos.app.goo.gl\/VZbcpZQ6L1m6Ai7T7<\/a><\/p>\n","protected":false},"excerpt":{"rendered":"<p><a href=\"https:\/\/agora.xtec.cat\/escguillemisarn\/wp-content\/uploads\/usu1631\/2022\/03\/Mejores-apps-trucos-de-magia.jpg\"><\/a><br \/>\nEls alumnes de l&#8217;escola hem gaudit d&#8217;una sessi\u00f3 de matem\u00e0tiques ben diferent, el &#8220;Mag Toni&#8221; ens ha brindat una classe de MATEM\u00c0GIA! Un mot creat a partir d&#8217;un joc de paraules on gr\u00e0cies a la m\u00e0gia i les matem\u00e0tiques hem apr\u00e9s alguns trucs per&hellip;  <a href=\"https:\/\/agora.xtec.cat\/escguillemisarn\/general\/matemagia\/\" title=\"Read MATEM\u00c0GIA !\">Llegeix m\u00e9s\u00bb<\/a><\/p>\n","protected":false},"author":18,"featured_media":0,"comment_status":"open","ping_status":"closed","sticky":false,"template":"","format":"standard","meta":{"_bbp_topic_count":0,"_bbp_reply_count":0,"_bbp_total_topic_count":0,"_bbp_total_reply_count":0,"_bbp_voice_count":0,"_bbp_anonymous_reply_count":0,"_bbp_topic_count_hidden":0,"_bbp_reply_count_hidden":0,"_bbp_forum_subforum_count":0,"footnotes":""},"categories":[73,1,4,5],"tags":[],"class_list":["post-2153","post","type-post","status-publish","format-standard","hentry","category-cs","category-general","category-portada","category-primaria"],"post_mailing_queue_ids":[],"_links":{"self":[{"href":"https:\/\/agora.xtec.cat\/escguillemisarn\/wp-json\/wp\/v2\/posts\/2153","targetHints":{"allow":["GET"]}}],"collection":[{"href":"https:\/\/agora.xtec.cat\/escguillemisarn\/wp-json\/wp\/v2\/posts"}],"about":[{"href":"https:\/\/agora.xtec.cat\/escguillemisarn\/wp-json\/wp\/v2\/types\/post"}],"author":[{"embeddable":true,"href":"https:\/\/agora.xtec.cat\/escguillemisarn\/wp-json\/wp\/v2\/users\/18"}],"replies":[{"embeddable":true,"href":"https:\/\/agora.xtec.cat\/escguillemisarn\/wp-json\/wp\/v2\/comments?post=2153"}],"version-history":[{"count":3,"href":"https:\/\/agora.xtec.cat\/escguillemisarn\/wp-json\/wp\/v2\/posts\/2153\/revisions"}],"predecessor-version":[{"id":2158,"href":"https:\/\/agora.xtec.cat\/escguillemisarn\/wp-json\/wp\/v2\/posts\/2153\/revisions\/2158"}],"wp:attachment":[{"href":"https:\/\/agora.xtec.cat\/escguillemisarn\/wp-json\/wp\/v2\/media?parent=2153"}],"wp:term":[{"taxonomy":"category","embeddable":true,"href":"https:\/\/agora.xtec.cat\/escguillemisarn\/wp-json\/wp\/v2\/categories?post=2153"},{"taxonomy":"post_tag","embeddable":true,"href":"https:\/\/agora.xtec.cat\/escguillemisarn\/wp-json\/wp\/v2\/tags?post=2153"}],"curies":[{"name":"wp","href":"https:\/\/api.w.org\/{rel}","templated":true}]}}