{"id":2115,"date":"2022-02-28T15:43:51","date_gmt":"2022-02-28T14:43:51","guid":{"rendered":"https:\/\/agora.xtec.cat\/escguillemisarn\/?p=2115"},"modified":"2022-02-28T15:43:51","modified_gmt":"2022-02-28T14:43:51","slug":"comite-ambiental-2","status":"publish","type":"post","link":"https:\/\/agora.xtec.cat\/escguillemisarn\/general\/comite-ambiental-2\/","title":{"rendered":"COMIT\u00c8 AMBIENTAL"},"content":{"rendered":"<p>Aquest dilluns dia 28 de febrer hem realitzat la segona trobada del Comit\u00e8 ambiental.<\/p>\n<p>Hem revisat els acords presos de la primera reuni\u00f3 i un dels aspectes dels quals estem molt contents \u00e9s del fet que s&#8217;ha eliminat gradualment de paper d&#8217;alumini i film transparent dels esmorzars. Gr\u00e0cies fam\u00edlies per la vostra col\u00b7laboraci\u00f3.<\/p>\n<p><a href=\"https:\/\/agora.xtec.cat\/escguillemisarn\/wp-content\/uploads\/usu1631\/2022\/02\/baixa.jpg\"><img loading=\"lazy\" decoding=\"async\" class=\"wp-image-2116 alignleft\" src=\"https:\/\/agora.xtec.cat\/escguillemisarn\/wp-content\/uploads\/usu1631\/2022\/02\/baixa.jpg\" alt=\"\" width=\"135\" height=\"94\" \/><\/a><\/p>\n<p>&nbsp;<\/p>\n<p>&nbsp;<\/p>\n<p>Les propostes que han aportat els alumnes de l&#8217;escola s\u00f3n les seg\u00fcents: realitzar una activitat de plantada de plantes o flors a les diferents places. Els nens i nenes de l&#8217;escola tamb\u00e9 han vist la necessitat de cuidar el nostre entorn, \u00e9s per aix\u00f2 que decideixen elaborar cartells informatius per a conscienciar a la poblaci\u00f3 sobre el fet de cuidar el nostre municipi.<\/p>\n<p>Properament a les places trobareu uns codis QR elaborats pels alumnes amb informaci\u00f3 sobre les diferents aspectes de les places del municipi.<\/p>\n<p><a href=\"https:\/\/agora.xtec.cat\/escguillemisarn\/wp-content\/uploads\/usu1631\/2022\/02\/unnamed.jpg\"><img loading=\"lazy\" decoding=\"async\" class=\"alignleft  wp-image-2117\" src=\"https:\/\/agora.xtec.cat\/escguillemisarn\/wp-content\/uploads\/usu1631\/2022\/02\/unnamed-768x1024.jpg\" alt=\"\" width=\"289\" height=\"385\" srcset=\"https:\/\/agora.xtec.cat\/escguillemisarn\/wp-content\/uploads\/usu1631\/2022\/02\/unnamed-768x1024.jpg 768w, https:\/\/agora.xtec.cat\/escguillemisarn\/wp-content\/uploads\/usu1631\/2022\/02\/unnamed-225x300.jpg 225w, https:\/\/agora.xtec.cat\/escguillemisarn\/wp-content\/uploads\/usu1631\/2022\/02\/unnamed-1152x1536.jpg 1152w, https:\/\/agora.xtec.cat\/escguillemisarn\/wp-content\/uploads\/usu1631\/2022\/02\/unnamed.jpg 1500w\" sizes=\"auto, (max-width: 289px) 100vw, 289px\" \/><\/a><\/p>\n","protected":false},"excerpt":{"rendered":"<p>Aquest dilluns dia 28 de febrer hem realitzat la segona trobada del Comit\u00e8 ambiental.<br \/>\nHem revisat els acords presos de la primera reuni\u00f3 i un dels aspectes dels quals estem molt contents \u00e9s del fet que s&#8217;ha eliminat gradualment de paper d&#8217;alumini i film transparent dels&hellip;  <a href=\"https:\/\/agora.xtec.cat\/escguillemisarn\/general\/comite-ambiental-2\/\" title=\"Read COMIT\u00c8 AMBIENTAL\">Llegeix m\u00e9s\u00bb<\/a><\/p>\n","protected":false},"author":8,"featured_media":0,"comment_status":"open","ping_status":"closed","sticky":false,"template":"","format":"standard","meta":{"_bbp_topic_count":0,"_bbp_reply_count":0,"_bbp_total_topic_count":0,"_bbp_total_reply_count":0,"_bbp_voice_count":0,"_bbp_anonymous_reply_count":0,"_bbp_topic_count_hidden":0,"_bbp_reply_count_hidden":0,"_bbp_forum_subforum_count":0,"footnotes":""},"categories":[77,1,2,4,5],"tags":[],"class_list":["post-2115","post","type-post","status-publish","format-standard","hentry","category-escola-verda","category-general","category-infantil","category-portada","category-primaria"],"post_mailing_queue_ids":[],"_links":{"self":[{"href":"https:\/\/agora.xtec.cat\/escguillemisarn\/wp-json\/wp\/v2\/posts\/2115","targetHints":{"allow":["GET"]}}],"collection":[{"href":"https:\/\/agora.xtec.cat\/escguillemisarn\/wp-json\/wp\/v2\/posts"}],"about":[{"href":"https:\/\/agora.xtec.cat\/escguillemisarn\/wp-json\/wp\/v2\/types\/post"}],"author":[{"embeddable":true,"href":"https:\/\/agora.xtec.cat\/escguillemisarn\/wp-json\/wp\/v2\/users\/8"}],"replies":[{"embeddable":true,"href":"https:\/\/agora.xtec.cat\/escguillemisarn\/wp-json\/wp\/v2\/comments?post=2115"}],"version-history":[{"count":1,"href":"https:\/\/agora.xtec.cat\/escguillemisarn\/wp-json\/wp\/v2\/posts\/2115\/revisions"}],"predecessor-version":[{"id":2118,"href":"https:\/\/agora.xtec.cat\/escguillemisarn\/wp-json\/wp\/v2\/posts\/2115\/revisions\/2118"}],"wp:attachment":[{"href":"https:\/\/agora.xtec.cat\/escguillemisarn\/wp-json\/wp\/v2\/media?parent=2115"}],"wp:term":[{"taxonomy":"category","embeddable":true,"href":"https:\/\/agora.xtec.cat\/escguillemisarn\/wp-json\/wp\/v2\/categories?post=2115"},{"taxonomy":"post_tag","embeddable":true,"href":"https:\/\/agora.xtec.cat\/escguillemisarn\/wp-json\/wp\/v2\/tags?post=2115"}],"curies":[{"name":"wp","href":"https:\/\/api.w.org\/{rel}","templated":true}]}}