{"id":2076,"date":"2022-02-02T13:18:40","date_gmt":"2022-02-02T12:18:40","guid":{"rendered":"https:\/\/agora.xtec.cat\/escguillemisarn\/?p=2076"},"modified":"2022-02-14T10:03:05","modified_gmt":"2022-02-14T09:03:05","slug":"a-la-fuliola-i-boldu-classifiquem-i-tu","status":"publish","type":"post","link":"https:\/\/agora.xtec.cat\/escguillemisarn\/general\/a-la-fuliola-i-boldu-classifiquem-i-tu\/","title":{"rendered":"A La Fuliola i Bold\u00fa classifiquem, i tu?"},"content":{"rendered":"<p>A l&#8217;escola creiem que fer ress\u00f2 de les bones accions que fan les i els nostres alumnes \u00e9s un reclam per a qu\u00e8 aquestes es multipliquin.<br \/>\nLa que destaquem avui fa refer\u00e8ncia a la recollida de brossa que van fer alumnes de 5\u00e8 la setmana passada. Aquestes, va<a href=\"https:\/\/agora.xtec.cat\/escguillemisarn\/wp-content\/uploads\/usu1631\/2021\/10\/RECICLA.jpg\"><img loading=\"lazy\" decoding=\"async\" class=\"size-full wp-image-1915 alignleft\" src=\"https:\/\/agora.xtec.cat\/escguillemisarn\/wp-content\/uploads\/usu1631\/2021\/10\/RECICLA.jpg\" alt=\"\" width=\"275\" height=\"183\" \/><\/a>n quedar dijous i divendres per a fer recollida de brossa al municipi i classificar-la despr\u00e9s.<\/p>\n<p>Com a Escola Verda i com a habitants del m\u00f3n aquesta \u00e9s una acci\u00f3 que ens omple d&#8217;optimisme i orgull. Conscienciar a la ciutadania de l\u2019efecte dels comportaments inc\u00edvics \u00e9s cabdal a l&#8217;hora d&#8217;avan\u00e7ar cap a un planeta m\u00e9s net.<\/p>\n<p>Enhorabona per la vostra tasca social, Alba, Ikhlas i Marina. I gr\u00e0cies tamb\u00e9 a la resta d&#8217;alumnes que participeu en recollides cada cop que sortim de l&#8217;escola.<\/p>\n<p>Tan de bo m\u00e9s persones s&#8217;animin a vetllar pel seu entorn com feu vosaltres.<\/p>\n<p>A continuaci\u00f3 us deixem unes fotos de la recollida:<\/p>\n<p><a href=\"https:\/\/photos.app.goo.gl\/qHHEKk3TNP9F94TU9\">https:\/\/photos.app.goo.gl\/qHHEKk3TNP9F94TU9<\/a><\/p>\n<p>&nbsp;<\/p>\n","protected":false},"excerpt":{"rendered":"<p>A l&#8217;escola creiem que fer ress\u00f2 de les bones accions que fan les i els nostres alumnes \u00e9s un reclam per a qu\u00e8 aquestes es multipliquin.<br \/>\nLa que destaquem avui fa refer\u00e8ncia a la recollida de brossa que van fer alumnes de 5\u00e8 la setmana passada.&hellip;  <a href=\"https:\/\/agora.xtec.cat\/escguillemisarn\/general\/a-la-fuliola-i-boldu-classifiquem-i-tu\/\" title=\"Read A La Fuliola i Bold\u00fa classifiquem, i tu?\">Llegeix m\u00e9s\u00bb<\/a><\/p>\n","protected":false},"author":7,"featured_media":0,"comment_status":"open","ping_status":"closed","sticky":false,"template":"","format":"standard","meta":{"_bbp_topic_count":0,"_bbp_reply_count":0,"_bbp_total_topic_count":0,"_bbp_total_reply_count":0,"_bbp_voice_count":0,"_bbp_anonymous_reply_count":0,"_bbp_topic_count_hidden":0,"_bbp_reply_count_hidden":0,"_bbp_forum_subforum_count":0,"footnotes":""},"categories":[73,77,1,4,5],"tags":[],"class_list":["post-2076","post","type-post","status-publish","format-standard","hentry","category-cs","category-escola-verda","category-general","category-portada","category-primaria"],"post_mailing_queue_ids":[],"_links":{"self":[{"href":"https:\/\/agora.xtec.cat\/escguillemisarn\/wp-json\/wp\/v2\/posts\/2076","targetHints":{"allow":["GET"]}}],"collection":[{"href":"https:\/\/agora.xtec.cat\/escguillemisarn\/wp-json\/wp\/v2\/posts"}],"about":[{"href":"https:\/\/agora.xtec.cat\/escguillemisarn\/wp-json\/wp\/v2\/types\/post"}],"author":[{"embeddable":true,"href":"https:\/\/agora.xtec.cat\/escguillemisarn\/wp-json\/wp\/v2\/users\/7"}],"replies":[{"embeddable":true,"href":"https:\/\/agora.xtec.cat\/escguillemisarn\/wp-json\/wp\/v2\/comments?post=2076"}],"version-history":[{"count":3,"href":"https:\/\/agora.xtec.cat\/escguillemisarn\/wp-json\/wp\/v2\/posts\/2076\/revisions"}],"predecessor-version":[{"id":2080,"href":"https:\/\/agora.xtec.cat\/escguillemisarn\/wp-json\/wp\/v2\/posts\/2076\/revisions\/2080"}],"wp:attachment":[{"href":"https:\/\/agora.xtec.cat\/escguillemisarn\/wp-json\/wp\/v2\/media?parent=2076"}],"wp:term":[{"taxonomy":"category","embeddable":true,"href":"https:\/\/agora.xtec.cat\/escguillemisarn\/wp-json\/wp\/v2\/categories?post=2076"},{"taxonomy":"post_tag","embeddable":true,"href":"https:\/\/agora.xtec.cat\/escguillemisarn\/wp-json\/wp\/v2\/tags?post=2076"}],"curies":[{"name":"wp","href":"https:\/\/api.w.org\/{rel}","templated":true}]}}