{"id":2069,"date":"2022-02-02T12:15:00","date_gmt":"2022-02-02T11:15:00","guid":{"rendered":"https:\/\/agora.xtec.cat\/escguillemisarn\/?p=2069"},"modified":"2022-02-02T13:00:30","modified_gmt":"2022-02-02T12:00:30","slug":"els-valors-mes-enlla-de-lescola","status":"publish","type":"post","link":"https:\/\/agora.xtec.cat\/escguillemisarn\/general\/els-valors-mes-enlla-de-lescola\/","title":{"rendered":"Els valors m\u00e9s enll\u00e0 de l&#8217;escola!"},"content":{"rendered":"<p>Avui, l&#8217;alumnat de l&#8217;escola ha vingut amb una rialla d&#8217;orella a orella; ha estat una entrada a l&#8217;edifici escolar diferent, alguna cosa passava&#8230; Uns quants alumnes de cinqu\u00e8 i sis\u00e8 sortien a la premsa! Per\u00f2 el m\u00e9s bonic de tot ha estat el motiu, una &#8220;Lli\u00e7\u00f3 d&#8217;esportivitat&#8221; tal i com ha dit el titular de la not\u00edcia. El Lanseni, alumne de sis\u00e8 de la nostra escola i jugador de futbol de l&#8217;EF Urgell, va ser el protagonista en l&#8217;\u00faltim partit de lliga que ha jugat el seu equip, quan va dirigir-se a l&#8217;\u00e0rbitre tot demanant-li que anul\u00b7l\u00e9s el gol que havia fet el seu equip perqu\u00e8 havia com\u00e8s una falta a un jugador de l&#8217;equip adversari.<\/p>\n<p>Un gest que honora aquest jove futbolista i el converteix en una gran persona, company i amic. En el fons, l&#8217;esport \u00e9s aix\u00f2.<\/p>\n<p>Moltes gr\u00e0cies, Lanseni! Tota la comunitat educativa de l&#8217;escola et felicita!<\/p>\n<p>NOT\u00cdCIA DIGITAL:\u00a0<a href=\"https:\/\/www.segre.com\/noticies\/esports\/2022\/02\/02\/llico_esportivitat_160291_1110.html\">https:\/\/www.segre.com\/noticies\/esports\/2022\/02\/02\/llico_esportivitat_160291_1110.html<\/a><\/p>\n<p><a href=\"https:\/\/agora.xtec.cat\/escguillemisarn\/wp-content\/uploads\/usu1631\/2022\/02\/1643799683826.jpg\"><img loading=\"lazy\" decoding=\"async\" class=\"wp-image-2070 alignleft\" src=\"https:\/\/agora.xtec.cat\/escguillemisarn\/wp-content\/uploads\/usu1631\/2022\/02\/1643799683826-949x1024.jpg\" alt=\"\" width=\"519\" height=\"560\" srcset=\"https:\/\/agora.xtec.cat\/escguillemisarn\/wp-content\/uploads\/usu1631\/2022\/02\/1643799683826-949x1024.jpg 949w, https:\/\/agora.xtec.cat\/escguillemisarn\/wp-content\/uploads\/usu1631\/2022\/02\/1643799683826-278x300.jpg 278w, https:\/\/agora.xtec.cat\/escguillemisarn\/wp-content\/uploads\/usu1631\/2022\/02\/1643799683826-768x829.jpg 768w, https:\/\/agora.xtec.cat\/escguillemisarn\/wp-content\/uploads\/usu1631\/2022\/02\/1643799683826-1424x1536.jpg 1424w, https:\/\/agora.xtec.cat\/escguillemisarn\/wp-content\/uploads\/usu1631\/2022\/02\/1643799683826.jpg 1898w\" sizes=\"auto, (max-width: 519px) 100vw, 519px\" \/><\/a> <a href=\"https:\/\/agora.xtec.cat\/escguillemisarn\/wp-content\/uploads\/usu1631\/2022\/02\/1643799683809.jpg\"><img loading=\"lazy\" decoding=\"async\" class=\"wp-image-2071 alignright\" src=\"https:\/\/agora.xtec.cat\/escguillemisarn\/wp-content\/uploads\/usu1631\/2022\/02\/1643799683809-695x1024.jpg\" alt=\"\" width=\"381\" height=\"562\" srcset=\"https:\/\/agora.xtec.cat\/escguillemisarn\/wp-content\/uploads\/usu1631\/2022\/02\/1643799683809-695x1024.jpg 695w, https:\/\/agora.xtec.cat\/escguillemisarn\/wp-content\/uploads\/usu1631\/2022\/02\/1643799683809-204x300.jpg 204w, https:\/\/agora.xtec.cat\/escguillemisarn\/wp-content\/uploads\/usu1631\/2022\/02\/1643799683809-768x1132.jpg 768w, https:\/\/agora.xtec.cat\/escguillemisarn\/wp-content\/uploads\/usu1631\/2022\/02\/1643799683809-1043x1536.jpg 1043w, https:\/\/agora.xtec.cat\/escguillemisarn\/wp-content\/uploads\/usu1631\/2022\/02\/1643799683809.jpg 1390w\" sizes=\"auto, (max-width: 381px) 100vw, 381px\" \/><\/a><\/p>\n","protected":false},"excerpt":{"rendered":"<p>Avui, l&#8217;alumnat de l&#8217;escola ha vingut amb una rialla d&#8217;orella a orella; ha estat una entrada a l&#8217;edifici escolar diferent, alguna cosa passava&#8230; Uns quants alumnes de cinqu\u00e8 i sis\u00e8 sortien a la premsa! Per\u00f2 el m\u00e9s bonic de tot ha estat el motiu, una&hellip;  <a href=\"https:\/\/agora.xtec.cat\/escguillemisarn\/general\/els-valors-mes-enlla-de-lescola\/\" title=\"Read Els valors m\u00e9s enll\u00e0 de l&#8217;escola!\">Llegeix m\u00e9s\u00bb<\/a><\/p>\n","protected":false},"author":1,"featured_media":0,"comment_status":"open","ping_status":"closed","sticky":false,"template":"","format":"standard","meta":{"_bbp_topic_count":0,"_bbp_reply_count":0,"_bbp_total_topic_count":0,"_bbp_total_reply_count":0,"_bbp_voice_count":0,"_bbp_anonymous_reply_count":0,"_bbp_topic_count_hidden":0,"_bbp_reply_count_hidden":0,"_bbp_forum_subforum_count":0,"footnotes":""},"categories":[73,1,2,4,5],"tags":[],"class_list":["post-2069","post","type-post","status-publish","format-standard","hentry","category-cs","category-general","category-infantil","category-portada","category-primaria"],"post_mailing_queue_ids":[],"_links":{"self":[{"href":"https:\/\/agora.xtec.cat\/escguillemisarn\/wp-json\/wp\/v2\/posts\/2069","targetHints":{"allow":["GET"]}}],"collection":[{"href":"https:\/\/agora.xtec.cat\/escguillemisarn\/wp-json\/wp\/v2\/posts"}],"about":[{"href":"https:\/\/agora.xtec.cat\/escguillemisarn\/wp-json\/wp\/v2\/types\/post"}],"author":[{"embeddable":true,"href":"https:\/\/agora.xtec.cat\/escguillemisarn\/wp-json\/wp\/v2\/users\/1"}],"replies":[{"embeddable":true,"href":"https:\/\/agora.xtec.cat\/escguillemisarn\/wp-json\/wp\/v2\/comments?post=2069"}],"version-history":[{"count":3,"href":"https:\/\/agora.xtec.cat\/escguillemisarn\/wp-json\/wp\/v2\/posts\/2069\/revisions"}],"predecessor-version":[{"id":2075,"href":"https:\/\/agora.xtec.cat\/escguillemisarn\/wp-json\/wp\/v2\/posts\/2069\/revisions\/2075"}],"wp:attachment":[{"href":"https:\/\/agora.xtec.cat\/escguillemisarn\/wp-json\/wp\/v2\/media?parent=2069"}],"wp:term":[{"taxonomy":"category","embeddable":true,"href":"https:\/\/agora.xtec.cat\/escguillemisarn\/wp-json\/wp\/v2\/categories?post=2069"},{"taxonomy":"post_tag","embeddable":true,"href":"https:\/\/agora.xtec.cat\/escguillemisarn\/wp-json\/wp\/v2\/tags?post=2069"}],"curies":[{"name":"wp","href":"https:\/\/api.w.org\/{rel}","templated":true}]}}