{"id":2066,"date":"2022-01-28T18:09:35","date_gmt":"2022-01-28T17:09:35","guid":{"rendered":"https:\/\/agora.xtec.cat\/escguillemisarn\/?p=2066"},"modified":"2022-01-28T18:17:41","modified_gmt":"2022-01-28T17:17:41","slug":"dia-escolar-de-la-no-violencia-i-la-pau-denip","status":"publish","type":"post","link":"https:\/\/agora.xtec.cat\/escguillemisarn\/general\/dia-escolar-de-la-no-violencia-i-la-pau-denip\/","title":{"rendered":"Dia Escolar de la No viol\u00e8ncia I la Pau (DENIP)"},"content":{"rendered":"<p><a href=\"https:\/\/agora.xtec.cat\/escguillemisarn\/wp-content\/uploads\/usu1631\/2022\/01\/DENIP.png\"><img loading=\"lazy\" decoding=\"async\" class=\" wp-image-2067 alignleft\" src=\"https:\/\/agora.xtec.cat\/escguillemisarn\/wp-content\/uploads\/usu1631\/2022\/01\/DENIP.png\" alt=\"\" width=\"283\" height=\"162\" \/><\/a>El propvinent dia 30 de gener se celebra el Dia Escolar de la No viol\u00e8ncia I la Pau (DENIP), i els infants de la nostra escola l&#8217;han celebrat avui. Sota el lema de &#8220;Fem cam\u00ed cap a la pau&#8221; els i les alumnes han decorat unes petjades i han escrit un desig d&#8217;orientaci\u00f3 positiva per combatre totes aquelles situacions d&#8217;injust\u00edcia que existeixen, malauradament, a la nostra societat. Tamb\u00e9 ha sortit alguna frase en contra de les guerres, un tema de molta actualitat pel conflicte m\u00e9s proper entre Ucra\u00efna i R\u00fassia.<\/p>\n<p>Tamb\u00e9 hem aprofitat els \u00faltims instants del mat\u00ed per ballar dues danses que des de l&#8217;\u00e0rea d&#8217;educaci\u00f3 art\u00edstica (m\u00fasica) han treballat durant aquests dies. Per cert, l&#8217;himne de la pau de l&#8217;escola Guillem Isarn ha tornat a sonar, que com b\u00e9 ja sabeu, el van compondre l&#8217;alumnat de fa dos cursos enrere.<\/p>\n<p>Us deixem les fotos i els v\u00eddeos:<\/p>\n<p><a href=\"https:\/\/photos.app.goo.gl\/4eFCZuWSU5RV8Sr39\">https:\/\/photos.app.goo.gl\/4eFCZuWSU5RV8Sr39<\/a><\/p>\n<p>Tamb\u00e9 us volem deixar el ress\u00f2 que se n&#8217;ha fet la premsa:<\/p>\n<p><a href=\"https:\/\/comarquesdeponent.com\/urgell\/lescola-guillem-isarn-de-la-fuliola-celebra-el-dia-de-la-pau\/\">https:\/\/comarquesdeponent.com\/urgell\/lescola-guillem-isarn-de-la-fuliola-celebra-el-dia-de-la-pau\/<\/a><\/p>\n","protected":false},"excerpt":{"rendered":"<p><a href=\"https:\/\/agora.xtec.cat\/escguillemisarn\/wp-content\/uploads\/usu1631\/2022\/01\/DENIP.png\"><\/a>El propvinent dia 30 de gener se celebra el Dia Escolar de la No viol\u00e8ncia I la Pau (DENIP), i els infants de la nostra escola l&#8217;han celebrat avui. Sota el lema de &#8220;Fem cam\u00ed cap a la pau&#8221; els i les alumnes han&hellip;  <a href=\"https:\/\/agora.xtec.cat\/escguillemisarn\/general\/dia-escolar-de-la-no-violencia-i-la-pau-denip\/\" title=\"Read Dia Escolar de la No viol\u00e8ncia I la Pau (DENIP)\">Llegeix m\u00e9s\u00bb<\/a><\/p>\n","protected":false},"author":1,"featured_media":2067,"comment_status":"open","ping_status":"closed","sticky":false,"template":"","format":"standard","meta":{"_bbp_topic_count":0,"_bbp_reply_count":0,"_bbp_total_topic_count":0,"_bbp_total_reply_count":0,"_bbp_voice_count":0,"_bbp_anonymous_reply_count":0,"_bbp_topic_count_hidden":0,"_bbp_reply_count_hidden":0,"_bbp_forum_subforum_count":0,"footnotes":""},"categories":[71,72,73,1,2,4,5],"tags":[],"class_list":["post-2066","post","type-post","status-publish","format-standard","has-post-thumbnail","hentry","category-ci","category-cm","category-cs","category-general","category-infantil","category-portada","category-primaria"],"post_mailing_queue_ids":[],"_links":{"self":[{"href":"https:\/\/agora.xtec.cat\/escguillemisarn\/wp-json\/wp\/v2\/posts\/2066","targetHints":{"allow":["GET"]}}],"collection":[{"href":"https:\/\/agora.xtec.cat\/escguillemisarn\/wp-json\/wp\/v2\/posts"}],"about":[{"href":"https:\/\/agora.xtec.cat\/escguillemisarn\/wp-json\/wp\/v2\/types\/post"}],"author":[{"embeddable":true,"href":"https:\/\/agora.xtec.cat\/escguillemisarn\/wp-json\/wp\/v2\/users\/1"}],"replies":[{"embeddable":true,"href":"https:\/\/agora.xtec.cat\/escguillemisarn\/wp-json\/wp\/v2\/comments?post=2066"}],"version-history":[{"count":1,"href":"https:\/\/agora.xtec.cat\/escguillemisarn\/wp-json\/wp\/v2\/posts\/2066\/revisions"}],"predecessor-version":[{"id":2068,"href":"https:\/\/agora.xtec.cat\/escguillemisarn\/wp-json\/wp\/v2\/posts\/2066\/revisions\/2068"}],"wp:featuredmedia":[{"embeddable":true,"href":"https:\/\/agora.xtec.cat\/escguillemisarn\/wp-json\/wp\/v2\/media\/2067"}],"wp:attachment":[{"href":"https:\/\/agora.xtec.cat\/escguillemisarn\/wp-json\/wp\/v2\/media?parent=2066"}],"wp:term":[{"taxonomy":"category","embeddable":true,"href":"https:\/\/agora.xtec.cat\/escguillemisarn\/wp-json\/wp\/v2\/categories?post=2066"},{"taxonomy":"post_tag","embeddable":true,"href":"https:\/\/agora.xtec.cat\/escguillemisarn\/wp-json\/wp\/v2\/tags?post=2066"}],"curies":[{"name":"wp","href":"https:\/\/api.w.org\/{rel}","templated":true}]}}