{"id":2059,"date":"2022-01-25T12:58:43","date_gmt":"2022-01-25T11:58:43","guid":{"rendered":"https:\/\/agora.xtec.cat\/escguillemisarn\/?p=2059"},"modified":"2022-01-25T13:07:06","modified_gmt":"2022-01-25T12:07:06","slug":"cicle-superior-redissenyem-la-nostra-placa","status":"publish","type":"post","link":"https:\/\/agora.xtec.cat\/escguillemisarn\/general\/cicle-superior-redissenyem-la-nostra-placa\/","title":{"rendered":"CICLE SUPERIOR REDISSENYEM LA NOSTRA PLA\u00c7A"},"content":{"rendered":"<p>Aquest mat\u00ed, l&#8217;alumnat de cicle superior hem realitzat una sortida a la pla\u00e7a Jaume Ferrer. L&#8217;activitat realitzada ha consistit en redissenyar la pla\u00e7a a partir d&#8217;un pl\u00e0nol actual i aix\u00ed pensar en com voldrien que fos la seva pla\u00e7a ideal. L&#8217;objectiu final \u00e9s compartir l&#8217;experi\u00e8ncia amb els companys i les companyes i prendre decisions coherents respecte a les instal\u00b7lacions de la pla\u00e7a.<\/p>\n<p>Aqu\u00ed podeu veure algunes fotografies:<\/p>\n<p><a href=\"https:\/\/photos.app.goo.gl\/HXyJmAb92nQUL3FS6\">https:\/\/photos.app.goo.gl\/HXyJmAb92nQUL3FS6<\/a><\/p>\n<p>&nbsp;<\/p>\n","protected":false},"excerpt":{"rendered":"<p>Aquest mat\u00ed, l&#8217;alumnat de cicle superior hem realitzat una sortida a la pla\u00e7a Jaume Ferrer. L&#8217;activitat realitzada ha consistit en redissenyar la pla\u00e7a a partir d&#8217;un pl\u00e0nol actual i aix\u00ed pensar en com voldrien que fos la seva pla\u00e7a ideal. L&#8217;objectiu final \u00e9s compartir l&#8217;experi\u00e8ncia&hellip;  <a href=\"https:\/\/agora.xtec.cat\/escguillemisarn\/general\/cicle-superior-redissenyem-la-nostra-placa\/\" title=\"Read CICLE SUPERIOR REDISSENYEM LA NOSTRA PLA\u00c7A\">Llegeix m\u00e9s\u00bb<\/a><\/p>\n","protected":false},"author":1,"featured_media":2064,"comment_status":"open","ping_status":"closed","sticky":false,"template":"","format":"standard","meta":{"_bbp_topic_count":0,"_bbp_reply_count":0,"_bbp_total_topic_count":0,"_bbp_total_reply_count":0,"_bbp_voice_count":0,"_bbp_anonymous_reply_count":0,"_bbp_topic_count_hidden":0,"_bbp_reply_count_hidden":0,"_bbp_forum_subforum_count":0,"footnotes":""},"categories":[74,73,77,1,4,5],"tags":[],"class_list":["post-2059","post","type-post","status-publish","format-standard","has-post-thumbnail","hentry","category-apadrinament","category-cs","category-escola-verda","category-general","category-portada","category-primaria"],"post_mailing_queue_ids":[],"_links":{"self":[{"href":"https:\/\/agora.xtec.cat\/escguillemisarn\/wp-json\/wp\/v2\/posts\/2059","targetHints":{"allow":["GET"]}}],"collection":[{"href":"https:\/\/agora.xtec.cat\/escguillemisarn\/wp-json\/wp\/v2\/posts"}],"about":[{"href":"https:\/\/agora.xtec.cat\/escguillemisarn\/wp-json\/wp\/v2\/types\/post"}],"author":[{"embeddable":true,"href":"https:\/\/agora.xtec.cat\/escguillemisarn\/wp-json\/wp\/v2\/users\/1"}],"replies":[{"embeddable":true,"href":"https:\/\/agora.xtec.cat\/escguillemisarn\/wp-json\/wp\/v2\/comments?post=2059"}],"version-history":[{"count":2,"href":"https:\/\/agora.xtec.cat\/escguillemisarn\/wp-json\/wp\/v2\/posts\/2059\/revisions"}],"predecessor-version":[{"id":2065,"href":"https:\/\/agora.xtec.cat\/escguillemisarn\/wp-json\/wp\/v2\/posts\/2059\/revisions\/2065"}],"wp:featuredmedia":[{"embeddable":true,"href":"https:\/\/agora.xtec.cat\/escguillemisarn\/wp-json\/wp\/v2\/media\/2064"}],"wp:attachment":[{"href":"https:\/\/agora.xtec.cat\/escguillemisarn\/wp-json\/wp\/v2\/media?parent=2059"}],"wp:term":[{"taxonomy":"category","embeddable":true,"href":"https:\/\/agora.xtec.cat\/escguillemisarn\/wp-json\/wp\/v2\/categories?post=2059"},{"taxonomy":"post_tag","embeddable":true,"href":"https:\/\/agora.xtec.cat\/escguillemisarn\/wp-json\/wp\/v2\/tags?post=2059"}],"curies":[{"name":"wp","href":"https:\/\/api.w.org\/{rel}","templated":true}]}}