{"id":2052,"date":"2022-01-14T11:11:08","date_gmt":"2022-01-14T10:11:08","guid":{"rendered":"https:\/\/agora.xtec.cat\/escguillemisarn\/?p=2052"},"modified":"2022-02-14T10:03:19","modified_gmt":"2022-02-14T09:03:19","slug":"tast-de-llibres","status":"publish","type":"post","link":"https:\/\/agora.xtec.cat\/escguillemisarn\/general\/tast-de-llibres\/","title":{"rendered":"TAST DE LLIBRES"},"content":{"rendered":"<p>Avui la nostra classe s&#8217;ha convertit en un restaurant literari.<\/p>\n<p><a href=\"https:\/\/agora.xtec.cat\/escguillemisarn\/wp-content\/uploads\/usu1631\/2022\/01\/IMG_4667.heic\"><img loading=\"lazy\" decoding=\"async\" class=\"alignnone size-large wp-image-2055\" src=\"https:\/\/agora.xtec.cat\/escguillemisarn\/wp-content\/uploads\/usu1631\/2022\/01\/IMG_4667.heic\" alt=\"\" width=\"1\" height=\"1\" \/><\/a><a href=\"https:\/\/agora.xtec.cat\/escguillemisarn\/wp-content\/uploads\/usu1631\/2022\/01\/tast-de-llibres.jpg\"><img loading=\"lazy\" decoding=\"async\" class=\"wp-image-2057 aligncenter\" src=\"https:\/\/agora.xtec.cat\/escguillemisarn\/wp-content\/uploads\/usu1631\/2022\/01\/tast-de-llibres.jpg\" alt=\"\" width=\"365\" height=\"273\" srcset=\"https:\/\/agora.xtec.cat\/escguillemisarn\/wp-content\/uploads\/usu1631\/2022\/01\/tast-de-llibres.jpg 567w, https:\/\/agora.xtec.cat\/escguillemisarn\/wp-content\/uploads\/usu1631\/2022\/01\/tast-de-llibres-300x225.jpg 300w, https:\/\/agora.xtec.cat\/escguillemisarn\/wp-content\/uploads\/usu1631\/2022\/01\/tast-de-llibres-200x150.jpg 200w\" sizes=\"auto, (max-width: 365px) 100vw, 365px\" \/><\/a><\/p>\n<p>Les nenes i els nens de tercer quan han arribat a l&#8217;escola s&#8217;han trobat la taula ben parada, preparada per endinsar-los en un tast de llibres, del que n&#8217;han gaudit molt.<\/p>\n<p>L&#8217;objectiu d&#8217;aquesta activitat, a banda de treballar el gust per la lectura, era el de que els alumnes aprenguessin a escollir els llibres segons les seves prefer\u00e8ncies i gustos.<\/p>\n<p>Oi qu\u00e8 quan vas a un restaurant i has de triar el que demanar\u00e0s per menjar no et quedes nom\u00e9s amb el nom del plat? Oi que vols saber que porta?\u00a0Doncs perqu\u00e8 no fer-ho amb els llibres?<\/p>\n<p>A trav\u00e9s del TAST DE LLIBRES hem apr\u00e8s que a la contraportada hi ha la sinopsis que ens fa un breu resum de que parlar\u00e0 el llibre, els hem fullejat per veure com \u00e9s la lletra, les imatges que s&#8217;hi amaguen,&#8230;<\/p>\n<p>Voleu veure que b\u00e9 ens ho hem passat?<\/p>\n<p><a href=\"https:\/\/drive.google.com\/drive\/folders\/1gE7H8ezXwp5b6OBcXm9OWrWGb237jSuc?usp=sharing\">https:\/\/drive.google.com\/drive\/folders\/1gE7H8ezXwp5b6OBcXm9OWrWGb237jSuc?usp=sharing<\/a><\/p>\n<p>&nbsp;<\/p>\n","protected":false},"excerpt":{"rendered":"<p>Avui la nostra classe s&#8217;ha convertit en un restaurant literari.<br \/>\n<a href=\"https:\/\/agora.xtec.cat\/escguillemisarn\/wp-content\/uploads\/usu1631\/2022\/01\/IMG_4667.heic\"><\/a><a href=\"https:\/\/agora.xtec.cat\/escguillemisarn\/wp-content\/uploads\/usu1631\/2022\/01\/tast-de-llibres.jpg\"><\/a><br \/>\nLes nenes i els nens de tercer quan han arribat a l&#8217;escola s&#8217;han trobat la taula ben parada, preparada per endinsar-los en un tast de llibres, del que n&#8217;han gaudit molt.<br \/>\nL&#8217;objectiu d&#8217;aquesta activitat, a&hellip;  <a href=\"https:\/\/agora.xtec.cat\/escguillemisarn\/general\/tast-de-llibres\/\" title=\"Read TAST DE LLIBRES\">Llegeix m\u00e9s\u00bb<\/a><\/p>\n","protected":false},"author":6,"featured_media":0,"comment_status":"open","ping_status":"closed","sticky":false,"template":"","format":"standard","meta":{"_bbp_topic_count":0,"_bbp_reply_count":0,"_bbp_total_topic_count":0,"_bbp_total_reply_count":0,"_bbp_voice_count":0,"_bbp_anonymous_reply_count":0,"_bbp_topic_count_hidden":0,"_bbp_reply_count_hidden":0,"_bbp_forum_subforum_count":0,"footnotes":""},"categories":[72,1,4,5],"tags":[],"class_list":["post-2052","post","type-post","status-publish","format-standard","hentry","category-cm","category-general","category-portada","category-primaria"],"post_mailing_queue_ids":[],"_links":{"self":[{"href":"https:\/\/agora.xtec.cat\/escguillemisarn\/wp-json\/wp\/v2\/posts\/2052","targetHints":{"allow":["GET"]}}],"collection":[{"href":"https:\/\/agora.xtec.cat\/escguillemisarn\/wp-json\/wp\/v2\/posts"}],"about":[{"href":"https:\/\/agora.xtec.cat\/escguillemisarn\/wp-json\/wp\/v2\/types\/post"}],"author":[{"embeddable":true,"href":"https:\/\/agora.xtec.cat\/escguillemisarn\/wp-json\/wp\/v2\/users\/6"}],"replies":[{"embeddable":true,"href":"https:\/\/agora.xtec.cat\/escguillemisarn\/wp-json\/wp\/v2\/comments?post=2052"}],"version-history":[{"count":3,"href":"https:\/\/agora.xtec.cat\/escguillemisarn\/wp-json\/wp\/v2\/posts\/2052\/revisions"}],"predecessor-version":[{"id":2058,"href":"https:\/\/agora.xtec.cat\/escguillemisarn\/wp-json\/wp\/v2\/posts\/2052\/revisions\/2058"}],"wp:attachment":[{"href":"https:\/\/agora.xtec.cat\/escguillemisarn\/wp-json\/wp\/v2\/media?parent=2052"}],"wp:term":[{"taxonomy":"category","embeddable":true,"href":"https:\/\/agora.xtec.cat\/escguillemisarn\/wp-json\/wp\/v2\/categories?post=2052"},{"taxonomy":"post_tag","embeddable":true,"href":"https:\/\/agora.xtec.cat\/escguillemisarn\/wp-json\/wp\/v2\/tags?post=2052"}],"curies":[{"name":"wp","href":"https:\/\/api.w.org\/{rel}","templated":true}]}}