{"id":2048,"date":"2022-01-13T09:16:37","date_gmt":"2022-01-13T08:16:37","guid":{"rendered":"https:\/\/agora.xtec.cat\/escguillemisarn\/?p=2048"},"modified":"2022-01-13T09:17:28","modified_gmt":"2022-01-13T08:17:28","slug":"iniciem-lactivitat-extraescolar-desports","status":"publish","type":"post","link":"https:\/\/agora.xtec.cat\/escguillemisarn\/general\/iniciem-lactivitat-extraescolar-desports\/","title":{"rendered":"Iniciem l&#8217;activitat extraescolar d&#8217;Esports!"},"content":{"rendered":"<p><a href=\"https:\/\/agora.xtec.cat\/escguillemisarn\/wp-content\/uploads\/usu1631\/2022\/01\/accion-femenina-del-jugador-de-basquet-90123830.jpg\"><img loading=\"lazy\" decoding=\"async\" class=\"wp-image-2049 alignleft\" src=\"https:\/\/agora.xtec.cat\/escguillemisarn\/wp-content\/uploads\/usu1631\/2022\/01\/accion-femenina-del-jugador-de-basquet-90123830.jpg\" alt=\"\" width=\"135\" height=\"135\" srcset=\"https:\/\/agora.xtec.cat\/escguillemisarn\/wp-content\/uploads\/usu1631\/2022\/01\/accion-femenina-del-jugador-de-basquet-90123830.jpg 800w, https:\/\/agora.xtec.cat\/escguillemisarn\/wp-content\/uploads\/usu1631\/2022\/01\/accion-femenina-del-jugador-de-basquet-90123830-300x300.jpg 300w, https:\/\/agora.xtec.cat\/escguillemisarn\/wp-content\/uploads\/usu1631\/2022\/01\/accion-femenina-del-jugador-de-basquet-90123830-150x150.jpg 150w, https:\/\/agora.xtec.cat\/escguillemisarn\/wp-content\/uploads\/usu1631\/2022\/01\/accion-femenina-del-jugador-de-basquet-90123830-768x768.jpg 768w\" sizes=\"auto, (max-width: 135px) 100vw, 135px\" \/><\/a>Amb l&#8217;inici del segon trimestre ha arribat el moment de posar-nos en forma! Aquesta setmana hem iniciat l&#8217;activitat extraescolar esportiva organitzada des de l&#8217;Escola gr\u00e0cies al Pla de Millora d&#8217;Oportunitats Educatives (PMOE) i gestionada pel Consell Esportiu de l&#8217;Urgell.<\/p>\n<p>L&#8217;Alejandra \u00e9s la monitora que durant aquest trimestre impartir\u00e0 patinatge i b\u00e0squet, dues disciplines esportives escollides per l&#8217;alumnat.<\/p>\n<p>Us deixem un enlla\u00e7 on podreu veure algunes fotografies del petits grans esportistes que tenim <a href=\"https:\/\/agora.xtec.cat\/escguillemisarn\/wp-content\/uploads\/usu1631\/2022\/01\/baixa.png\"><img loading=\"lazy\" decoding=\"async\" class=\" wp-image-2050 alignright\" src=\"https:\/\/agora.xtec.cat\/escguillemisarn\/wp-content\/uploads\/usu1631\/2022\/01\/baixa.png\" alt=\"\" width=\"128\" height=\"116\" \/><\/a>a l&#8217;escola!<\/p>\n<p><a href=\"https:\/\/photos.app.goo.gl\/NSb1RySeZADa1Fyy7\">https:\/\/photos.app.goo.gl\/NSb1RySeZADa1Fyy7<\/a><\/p>\n","protected":false},"excerpt":{"rendered":"<p><a href=\"https:\/\/agora.xtec.cat\/escguillemisarn\/wp-content\/uploads\/usu1631\/2022\/01\/accion-femenina-del-jugador-de-basquet-90123830.jpg\"><\/a>Amb l&#8217;inici del segon trimestre ha arribat el moment de posar-nos en forma! Aquesta setmana hem iniciat l&#8217;activitat extraescolar esportiva organitzada des de l&#8217;Escola gr\u00e0cies al Pla de Millora d&#8217;Oportunitats Educatives (PMOE) i gestionada pel Consell Esportiu de l&#8217;Urgell.<br \/>\nL&#8217;Alejandra \u00e9s la monitora que durant&hellip;  <a href=\"https:\/\/agora.xtec.cat\/escguillemisarn\/general\/iniciem-lactivitat-extraescolar-desports\/\" title=\"Read Iniciem l&#8217;activitat extraescolar d&#8217;Esports!\">Llegeix m\u00e9s\u00bb<\/a><\/p>\n","protected":false},"author":18,"featured_media":0,"comment_status":"open","ping_status":"closed","sticky":false,"template":"","format":"standard","meta":{"_bbp_topic_count":0,"_bbp_reply_count":0,"_bbp_total_topic_count":0,"_bbp_total_reply_count":0,"_bbp_voice_count":0,"_bbp_anonymous_reply_count":0,"_bbp_topic_count_hidden":0,"_bbp_reply_count_hidden":0,"_bbp_forum_subforum_count":0,"footnotes":""},"categories":[1,4,5],"tags":[],"class_list":["post-2048","post","type-post","status-publish","format-standard","hentry","category-general","category-portada","category-primaria"],"post_mailing_queue_ids":[],"_links":{"self":[{"href":"https:\/\/agora.xtec.cat\/escguillemisarn\/wp-json\/wp\/v2\/posts\/2048","targetHints":{"allow":["GET"]}}],"collection":[{"href":"https:\/\/agora.xtec.cat\/escguillemisarn\/wp-json\/wp\/v2\/posts"}],"about":[{"href":"https:\/\/agora.xtec.cat\/escguillemisarn\/wp-json\/wp\/v2\/types\/post"}],"author":[{"embeddable":true,"href":"https:\/\/agora.xtec.cat\/escguillemisarn\/wp-json\/wp\/v2\/users\/18"}],"replies":[{"embeddable":true,"href":"https:\/\/agora.xtec.cat\/escguillemisarn\/wp-json\/wp\/v2\/comments?post=2048"}],"version-history":[{"count":1,"href":"https:\/\/agora.xtec.cat\/escguillemisarn\/wp-json\/wp\/v2\/posts\/2048\/revisions"}],"predecessor-version":[{"id":2051,"href":"https:\/\/agora.xtec.cat\/escguillemisarn\/wp-json\/wp\/v2\/posts\/2048\/revisions\/2051"}],"wp:attachment":[{"href":"https:\/\/agora.xtec.cat\/escguillemisarn\/wp-json\/wp\/v2\/media?parent=2048"}],"wp:term":[{"taxonomy":"category","embeddable":true,"href":"https:\/\/agora.xtec.cat\/escguillemisarn\/wp-json\/wp\/v2\/categories?post=2048"},{"taxonomy":"post_tag","embeddable":true,"href":"https:\/\/agora.xtec.cat\/escguillemisarn\/wp-json\/wp\/v2\/tags?post=2048"}],"curies":[{"name":"wp","href":"https:\/\/api.w.org\/{rel}","templated":true}]}}