{"id":2041,"date":"2021-12-24T15:37:56","date_gmt":"2021-12-24T14:37:56","guid":{"rendered":"https:\/\/agora.xtec.cat\/escguillemisarn\/?p=2041"},"modified":"2021-12-24T15:37:56","modified_gmt":"2021-12-24T14:37:56","slug":"cantada-de-nadales-projecte-apadrinem-les-nostres-places","status":"publish","type":"post","link":"https:\/\/agora.xtec.cat\/escguillemisarn\/general\/cantada-de-nadales-projecte-apadrinem-les-nostres-places\/","title":{"rendered":"Cantada de nadales. Projecte: Apadrinem les nostres places!"},"content":{"rendered":"<p><a href=\"https:\/\/agora.xtec.cat\/escguillemisarn\/wp-content\/uploads\/usu1631\/2021\/12\/Nadal18.jpg\"><img loading=\"lazy\" decoding=\"async\" class=\"wp-image-2043 alignright\" src=\"https:\/\/agora.xtec.cat\/escguillemisarn\/wp-content\/uploads\/usu1631\/2021\/12\/Nadal18.jpg\" alt=\"\" width=\"303\" height=\"228\" srcset=\"https:\/\/agora.xtec.cat\/escguillemisarn\/wp-content\/uploads\/usu1631\/2021\/12\/Nadal18.jpg 640w, https:\/\/agora.xtec.cat\/escguillemisarn\/wp-content\/uploads\/usu1631\/2021\/12\/Nadal18-300x225.jpg 300w, https:\/\/agora.xtec.cat\/escguillemisarn\/wp-content\/uploads\/usu1631\/2021\/12\/Nadal18-200x150.jpg 200w\" sizes=\"auto, (max-width: 303px) 100vw, 303px\" \/><\/a>En el marc del projecte interdisciplinari &#8220;Apadrinem les nostres places&#8221;, els dies 20, 21 i 22 de desembre els nens i nenes de la nostra escola van envair les places de La Fuliola i Bold\u00fa de notes musicals sortides d&#8217;aquestes veus tan m\u00e0giques que tenen els nostres infants. Ben dirigits pel mestre de m\u00fasica,\u00a0 ben acompanyats per les tutores i ben filmades pel Robert, us deixem als seg\u00fcents enlla\u00e7os els v\u00eddeos de les diferents cantades. Desitgem que us agradin i passeu unes molt bones vacances, anhelant que el proper any 2022 sigui millor que el seu anterior, ple de salut i somriures a les cares de tots nosaltres.<\/p>\n<p>Amb els millors desitjos,<\/p>\n<p>El claustre docent de l&#8217;Escola Guillem Isarn<\/p>\n<p>&nbsp;<\/p>\n<p><strong>EDUCACI\u00d3 INFANTIL:<\/strong>\u00a0<a href=\"https:\/\/photos.app.goo.gl\/gXEHYmgB5VvqyZm5A\">https:\/\/photos.app.goo.gl\/gXEHYmgB5VvqyZm5A<\/a><\/p>\n<p><strong>CICLE INICIAL:<\/strong>\u00a0<a href=\"https:\/\/photos.app.goo.gl\/JKr2vaVr3ha6EXKH6\">https:\/\/photos.app.goo.gl\/JKr2vaVr3ha6EXKH6<\/a><\/p>\n<p><strong>CICLE MITJ\u00c0:\u00a0<\/strong><a href=\"https:\/\/photos.app.goo.gl\/xVQvKCaBuaEWUrvm6\">https:\/\/photos.app.goo.gl\/xVQvKCaBuaEWUrvm6<\/a><\/p>\n<p><strong>CICLE SUPERIOR:\u00a0<\/strong><a href=\"https:\/\/photos.app.goo.gl\/iBH135MgSD6HbXVH9\">https:\/\/photos.app.goo.gl\/iBH135MgSD6HbXVH9<\/a><\/p>\n","protected":false},"excerpt":{"rendered":"<p><a href=\"https:\/\/agora.xtec.cat\/escguillemisarn\/wp-content\/uploads\/usu1631\/2021\/12\/Nadal18.jpg\"><\/a>En el marc del projecte interdisciplinari &#8220;Apadrinem les nostres places&#8221;, els dies 20, 21 i 22 de desembre els nens i nenes de la nostra escola van envair les places de La Fuliola i Bold\u00fa de notes musicals sortides d&#8217;aquestes veus tan m\u00e0giques que&hellip;  <a href=\"https:\/\/agora.xtec.cat\/escguillemisarn\/general\/cantada-de-nadales-projecte-apadrinem-les-nostres-places\/\" title=\"Read Cantada de nadales. Projecte: Apadrinem les nostres places!\">Llegeix m\u00e9s\u00bb<\/a><\/p>\n","protected":false},"author":1,"featured_media":1673,"comment_status":"open","ping_status":"closed","sticky":false,"template":"","format":"standard","meta":{"_bbp_topic_count":0,"_bbp_reply_count":0,"_bbp_total_topic_count":0,"_bbp_total_reply_count":0,"_bbp_voice_count":0,"_bbp_anonymous_reply_count":0,"_bbp_topic_count_hidden":0,"_bbp_reply_count_hidden":0,"_bbp_forum_subforum_count":0,"footnotes":""},"categories":[71,72,73,1,2,4,5],"tags":[],"class_list":["post-2041","post","type-post","status-publish","format-standard","has-post-thumbnail","hentry","category-ci","category-cm","category-cs","category-general","category-infantil","category-portada","category-primaria"],"post_mailing_queue_ids":[],"_links":{"self":[{"href":"https:\/\/agora.xtec.cat\/escguillemisarn\/wp-json\/wp\/v2\/posts\/2041","targetHints":{"allow":["GET"]}}],"collection":[{"href":"https:\/\/agora.xtec.cat\/escguillemisarn\/wp-json\/wp\/v2\/posts"}],"about":[{"href":"https:\/\/agora.xtec.cat\/escguillemisarn\/wp-json\/wp\/v2\/types\/post"}],"author":[{"embeddable":true,"href":"https:\/\/agora.xtec.cat\/escguillemisarn\/wp-json\/wp\/v2\/users\/1"}],"replies":[{"embeddable":true,"href":"https:\/\/agora.xtec.cat\/escguillemisarn\/wp-json\/wp\/v2\/comments?post=2041"}],"version-history":[{"count":2,"href":"https:\/\/agora.xtec.cat\/escguillemisarn\/wp-json\/wp\/v2\/posts\/2041\/revisions"}],"predecessor-version":[{"id":2044,"href":"https:\/\/agora.xtec.cat\/escguillemisarn\/wp-json\/wp\/v2\/posts\/2041\/revisions\/2044"}],"wp:featuredmedia":[{"embeddable":true,"href":"https:\/\/agora.xtec.cat\/escguillemisarn\/wp-json\/wp\/v2\/media\/1673"}],"wp:attachment":[{"href":"https:\/\/agora.xtec.cat\/escguillemisarn\/wp-json\/wp\/v2\/media?parent=2041"}],"wp:term":[{"taxonomy":"category","embeddable":true,"href":"https:\/\/agora.xtec.cat\/escguillemisarn\/wp-json\/wp\/v2\/categories?post=2041"},{"taxonomy":"post_tag","embeddable":true,"href":"https:\/\/agora.xtec.cat\/escguillemisarn\/wp-json\/wp\/v2\/tags?post=2041"}],"curies":[{"name":"wp","href":"https:\/\/api.w.org\/{rel}","templated":true}]}}