{"id":1976,"date":"2021-12-03T18:39:59","date_gmt":"2021-12-03T17:39:59","guid":{"rendered":"https:\/\/agora.xtec.cat\/escguillemisarn\/?p=1976"},"modified":"2021-12-03T20:53:53","modified_gmt":"2021-12-03T19:53:53","slug":"parada-la-marato","status":"publish","type":"post","link":"https:\/\/agora.xtec.cat\/escguillemisarn\/general\/parada-la-marato\/","title":{"rendered":"Parada &#8220;La Marat\u00f3&#8221;"},"content":{"rendered":"<p><a href=\"https:\/\/agora.xtec.cat\/escguillemisarn\/wp-content\/uploads\/usu1631\/2021\/12\/parada-1-scaled.jpg\"><img loading=\"lazy\" decoding=\"async\" class=\"wp-image-1985 alignright\" src=\"https:\/\/agora.xtec.cat\/escguillemisarn\/wp-content\/uploads\/usu1631\/2021\/12\/parada-1-1024x483.jpg\" alt=\"\" width=\"411\" height=\"194\" srcset=\"https:\/\/agora.xtec.cat\/escguillemisarn\/wp-content\/uploads\/usu1631\/2021\/12\/parada-1-1024x483.jpg 1024w, https:\/\/agora.xtec.cat\/escguillemisarn\/wp-content\/uploads\/usu1631\/2021\/12\/parada-1-300x141.jpg 300w, https:\/\/agora.xtec.cat\/escguillemisarn\/wp-content\/uploads\/usu1631\/2021\/12\/parada-1-768x362.jpg 768w, https:\/\/agora.xtec.cat\/escguillemisarn\/wp-content\/uploads\/usu1631\/2021\/12\/parada-1-1536x724.jpg 1536w, https:\/\/agora.xtec.cat\/escguillemisarn\/wp-content\/uploads\/usu1631\/2021\/12\/parada-1-2048x965.jpg 2048w\" sizes=\"auto, (max-width: 411px) 100vw, 411px\" \/><\/a>L\u2019\u00e0rea de medi social i religi\u00f3 \/valors hem dut a terme, conjuntament, el projecte de la parada per a la Marat\u00f3.<\/p>\n<p>Aquest dijous vam anar a la pla\u00e7a de l\u2019ajuntament i vam muntar la nostra parada, amb tot el material que varen realitzar tots els nens i nenes de l\u2019escola, des dels m\u00e9s petits, P3, fins als m\u00e9s grans, sis\u00e8.<\/p>\n<p>Els alumnes de sis\u00e8 van ser els responsables d\u2019organitzar la parada i la venta del material.<\/p>\n<p>En l\u2019\u00e0rea de medi social hem vist la gesti\u00f3 i l\u2019organitzaci\u00f3 de les empreses; amb aquesta activitat els nens i nenes han pogut vivenciar en primera persona com es duu a terme una activitat comercial (vam sol\u00b7licitar el perm\u00eds a l\u2019ajuntament, vam fer la campanya publicit\u00e0ria, vam dissenyar la parada, vam vendre els productes, vam realitzar els comptes\u2026).<\/p>\n<p>Han gaudit molt realitzant aquest projecte i han apr\u00e8s com funciona el m\u00f3n empresarial. A m\u00e9s tamb\u00e9 han tingut l\u2019oportunitat de realitzar una tasca solid\u00e0ria i viure en primera persona la gratificaci\u00f3 personal que sentim\u00a0 quan ens ajudem entre nosaltres, un valor que, de ben segur, els enriqueix en el present i en el futur.<\/p>\n<p>Us adjuntem unes quantes fotos perqu\u00e8 pugueu veure quina parada m\u00e9s bonica ens va quedar.<\/p>\n<p>Gr\u00e0cies tamb\u00e9 a tots vosaltres per col\u00b7laborar!<\/p>\n<p><a href=\"https:\/\/photos.app.goo.gl\/pa4sckDNMhb3DeY59\">https:\/\/photos.app.goo.gl\/pa4sckDNMhb3DeY59<\/a><\/p>\n","protected":false},"excerpt":{"rendered":"<p><a href=\"https:\/\/agora.xtec.cat\/escguillemisarn\/wp-content\/uploads\/usu1631\/2021\/12\/parada-1-scaled.jpg\"><\/a>L\u2019\u00e0rea de medi social i religi\u00f3 \/valors hem dut a terme, conjuntament, el projecte de la parada per a la Marat\u00f3.<br \/>\nAquest dijous vam anar a la pla\u00e7a de l\u2019ajuntament i vam muntar la nostra parada, amb tot el material que varen realitzar tots els&hellip;  <a href=\"https:\/\/agora.xtec.cat\/escguillemisarn\/general\/parada-la-marato\/\" title=\"Read Parada &#8220;La Marat\u00f3&#8221;\">Llegeix m\u00e9s\u00bb<\/a><\/p>\n","protected":false},"author":1,"featured_media":1673,"comment_status":"open","ping_status":"closed","sticky":false,"template":"","format":"standard","meta":{"_bbp_topic_count":0,"_bbp_reply_count":0,"_bbp_total_topic_count":0,"_bbp_total_reply_count":0,"_bbp_voice_count":0,"_bbp_anonymous_reply_count":0,"_bbp_topic_count_hidden":0,"_bbp_reply_count_hidden":0,"_bbp_forum_subforum_count":0,"footnotes":""},"categories":[73,1,4,5],"tags":[],"class_list":["post-1976","post","type-post","status-publish","format-standard","has-post-thumbnail","hentry","category-cs","category-general","category-portada","category-primaria"],"post_mailing_queue_ids":[],"_links":{"self":[{"href":"https:\/\/agora.xtec.cat\/escguillemisarn\/wp-json\/wp\/v2\/posts\/1976","targetHints":{"allow":["GET"]}}],"collection":[{"href":"https:\/\/agora.xtec.cat\/escguillemisarn\/wp-json\/wp\/v2\/posts"}],"about":[{"href":"https:\/\/agora.xtec.cat\/escguillemisarn\/wp-json\/wp\/v2\/types\/post"}],"author":[{"embeddable":true,"href":"https:\/\/agora.xtec.cat\/escguillemisarn\/wp-json\/wp\/v2\/users\/1"}],"replies":[{"embeddable":true,"href":"https:\/\/agora.xtec.cat\/escguillemisarn\/wp-json\/wp\/v2\/comments?post=1976"}],"version-history":[{"count":3,"href":"https:\/\/agora.xtec.cat\/escguillemisarn\/wp-json\/wp\/v2\/posts\/1976\/revisions"}],"predecessor-version":[{"id":1988,"href":"https:\/\/agora.xtec.cat\/escguillemisarn\/wp-json\/wp\/v2\/posts\/1976\/revisions\/1988"}],"wp:featuredmedia":[{"embeddable":true,"href":"https:\/\/agora.xtec.cat\/escguillemisarn\/wp-json\/wp\/v2\/media\/1673"}],"wp:attachment":[{"href":"https:\/\/agora.xtec.cat\/escguillemisarn\/wp-json\/wp\/v2\/media?parent=1976"}],"wp:term":[{"taxonomy":"category","embeddable":true,"href":"https:\/\/agora.xtec.cat\/escguillemisarn\/wp-json\/wp\/v2\/categories?post=1976"},{"taxonomy":"post_tag","embeddable":true,"href":"https:\/\/agora.xtec.cat\/escguillemisarn\/wp-json\/wp\/v2\/tags?post=1976"}],"curies":[{"name":"wp","href":"https:\/\/api.w.org\/{rel}","templated":true}]}}