{"id":1972,"date":"2021-11-26T17:36:16","date_gmt":"2021-11-26T16:36:16","guid":{"rendered":"https:\/\/agora.xtec.cat\/escguillemisarn\/?p=1972"},"modified":"2021-11-26T17:36:16","modified_gmt":"2021-11-26T16:36:16","slug":"els-nens-de-cicle-inicial-visitem-la-biblioteca-de-tarrega","status":"publish","type":"post","link":"https:\/\/agora.xtec.cat\/escguillemisarn\/general\/els-nens-de-cicle-inicial-visitem-la-biblioteca-de-tarrega\/","title":{"rendered":"ELS NENS DE CICLE INICIAL VISITEM LA BIBLIOTECA DE T\u00c0RREGA"},"content":{"rendered":"<p>Avui els nens i nenes de cicle inicial hem anat a la biblioteca Germanes G\u00fcell, de T\u00e0rrega. All\u00ed hem vist una petita exposici\u00f3 &#8220;Cases del m\u00f3n&#8221; i despr\u00e9s la M\u00f2nica, la bibliotec\u00e0ria, ens ha explicat uns contes, que ens han agradat molt. Per acabar, hem pogut gaudir d&#8217;una estona mirant contes lliurement, n&#8217;hi havia tants que no sab\u00edem quin triar!!<\/p>\n<p>VISCA LA LECTURA!!<\/p>\n<p>&nbsp;<\/p>\n<p><a href=\"https:\/\/photos.app.goo.gl\/cXnwE1CgQX9sCYdA6\">https:\/\/photos.app.goo.gl\/cXnwE1CgQX9sCYdA6<\/a><\/p>\n","protected":false},"excerpt":{"rendered":"<p>Avui els nens i nenes de cicle inicial hem anat a la biblioteca Germanes G\u00fcell, de T\u00e0rrega. All\u00ed hem vist una petita exposici\u00f3 &#8220;Cases del m\u00f3n&#8221; i despr\u00e9s la M\u00f2nica, la bibliotec\u00e0ria, ens ha explicat uns contes, que ens han agradat molt. Per acabar, hem&hellip;  <a href=\"https:\/\/agora.xtec.cat\/escguillemisarn\/general\/els-nens-de-cicle-inicial-visitem-la-biblioteca-de-tarrega\/\" title=\"Read ELS NENS DE CICLE INICIAL VISITEM LA BIBLIOTECA DE T\u00c0RREGA\">Llegeix m\u00e9s\u00bb<\/a><\/p>\n","protected":false},"author":1,"featured_media":0,"comment_status":"open","ping_status":"closed","sticky":false,"template":"","format":"standard","meta":{"_bbp_topic_count":0,"_bbp_reply_count":0,"_bbp_total_topic_count":0,"_bbp_total_reply_count":0,"_bbp_voice_count":0,"_bbp_anonymous_reply_count":0,"_bbp_topic_count_hidden":0,"_bbp_reply_count_hidden":0,"_bbp_forum_subforum_count":0,"footnotes":""},"categories":[71,79,1,4],"tags":[],"class_list":["post-1972","post","type-post","status-publish","format-standard","hentry","category-ci","category-foment-de-la-lectura","category-general","category-portada"],"post_mailing_queue_ids":[],"_links":{"self":[{"href":"https:\/\/agora.xtec.cat\/escguillemisarn\/wp-json\/wp\/v2\/posts\/1972","targetHints":{"allow":["GET"]}}],"collection":[{"href":"https:\/\/agora.xtec.cat\/escguillemisarn\/wp-json\/wp\/v2\/posts"}],"about":[{"href":"https:\/\/agora.xtec.cat\/escguillemisarn\/wp-json\/wp\/v2\/types\/post"}],"author":[{"embeddable":true,"href":"https:\/\/agora.xtec.cat\/escguillemisarn\/wp-json\/wp\/v2\/users\/1"}],"replies":[{"embeddable":true,"href":"https:\/\/agora.xtec.cat\/escguillemisarn\/wp-json\/wp\/v2\/comments?post=1972"}],"version-history":[{"count":1,"href":"https:\/\/agora.xtec.cat\/escguillemisarn\/wp-json\/wp\/v2\/posts\/1972\/revisions"}],"predecessor-version":[{"id":1973,"href":"https:\/\/agora.xtec.cat\/escguillemisarn\/wp-json\/wp\/v2\/posts\/1972\/revisions\/1973"}],"wp:attachment":[{"href":"https:\/\/agora.xtec.cat\/escguillemisarn\/wp-json\/wp\/v2\/media?parent=1972"}],"wp:term":[{"taxonomy":"category","embeddable":true,"href":"https:\/\/agora.xtec.cat\/escguillemisarn\/wp-json\/wp\/v2\/categories?post=1972"},{"taxonomy":"post_tag","embeddable":true,"href":"https:\/\/agora.xtec.cat\/escguillemisarn\/wp-json\/wp\/v2\/tags?post=1972"}],"curies":[{"name":"wp","href":"https:\/\/api.w.org\/{rel}","templated":true}]}}