{"id":1965,"date":"2021-11-25T13:09:13","date_gmt":"2021-11-25T12:09:13","guid":{"rendered":"https:\/\/agora.xtec.cat\/escguillemisarn\/?p=1965"},"modified":"2021-11-25T13:40:10","modified_gmt":"2021-11-25T12:40:10","slug":"25n-prou","status":"publish","type":"post","link":"https:\/\/agora.xtec.cat\/escguillemisarn\/general\/25n-prou\/","title":{"rendered":"25N Prou!"},"content":{"rendered":"<p><a href=\"https:\/\/agora.xtec.cat\/escguillemisarn\/wp-content\/uploads\/usu1631\/2021\/11\/25N-scaled.jpg\"><img loading=\"lazy\" decoding=\"async\" class=\"wp-image-1966 alignleft\" src=\"https:\/\/agora.xtec.cat\/escguillemisarn\/wp-content\/uploads\/usu1631\/2021\/11\/25N-1024x962.jpg\" alt=\"\" width=\"246\" height=\"231\" srcset=\"https:\/\/agora.xtec.cat\/escguillemisarn\/wp-content\/uploads\/usu1631\/2021\/11\/25N-1024x962.jpg 1024w, https:\/\/agora.xtec.cat\/escguillemisarn\/wp-content\/uploads\/usu1631\/2021\/11\/25N-300x282.jpg 300w, https:\/\/agora.xtec.cat\/escguillemisarn\/wp-content\/uploads\/usu1631\/2021\/11\/25N-768x721.jpg 768w, https:\/\/agora.xtec.cat\/escguillemisarn\/wp-content\/uploads\/usu1631\/2021\/11\/25N-1536x1442.jpg 1536w, https:\/\/agora.xtec.cat\/escguillemisarn\/wp-content\/uploads\/usu1631\/2021\/11\/25N-2048x1923.jpg 2048w\" sizes=\"auto, (max-width: 246px) 100vw, 246px\" \/><\/a>Des de la nostra Escola, a prop\u00f2sit del <a href=\"https:\/\/dones.gencat.cat\/ca\/inici\/\" target=\"_blank\" rel=\"noopener\">Dia internacional per a l\u2019eliminaci\u00f3 de la viol\u00e8ncia envers les dones<\/a>, ens sumem a la\u00a0<a href=\"https:\/\/www.unwomen.org\/en\/what-we-do\/ending-violence-against-women\/take-action\" target=\"_blank\" rel=\"noopener\">Campanya UNEIX-TE d\u2019aqu\u00ed al 2030 per posar fi a la viol\u00e8ncia contra les dones<\/a>,\u00a0d\u2019ONU Dones, a fi de mostrar el rebuig vers la viol\u00e8ncia que colpeja nenes i dones i manifestar la necessitat de donar una resposta a la viol\u00e8ncia estructural que \u00e9s la viol\u00e8ncia masclista.<\/p>\n<p>Per a l\u2019abordatge de la viol\u00e8ncia masclista des de la comunitat educativa, ens cal educar i reeducar lliures d\u2019estereotips sexistes, en relacions sexoafectives sanes, ens cal recon\u00e8ixer una viol\u00e8ncia que sovint s\u2019ha tendit a invisibilitzar i donar-hi resposta.<\/p>\n<p>Us deixem unes fotografies de les lectura del manifest i el minut de silenci que hem fet:<\/p>\n<p><a href=\"https:\/\/photos.app.goo.gl\/7oCNYQdoXeUgLURn7\">https:\/\/photos.app.goo.gl\/7oCNYQdoXeUgLURn7<\/a><\/p>\n","protected":false},"excerpt":{"rendered":"<p><a href=\"https:\/\/agora.xtec.cat\/escguillemisarn\/wp-content\/uploads\/usu1631\/2021\/11\/25N-scaled.jpg\"><\/a>Des de la nostra Escola, a prop\u00f2sit del <a href=\"https:\/\/dones.gencat.cat\/ca\/inici\/\" target=\"_blank\" rel=\"noopener\">Dia internacional per a l\u2019eliminaci\u00f3 de la viol\u00e8ncia envers les dones<\/a>, ens sumem a la\u00a0<a href=\"https:\/\/www.unwomen.org\/en\/what-we-do\/ending-violence-against-women\/take-action\" target=\"_blank\" rel=\"noopener\">Campanya UNEIX-TE d\u2019aqu\u00ed al 2030 per posar fi a la viol\u00e8ncia contra les dones<\/a>,\u00a0d\u2019ONU Dones, a&hellip;  <a href=\"https:\/\/agora.xtec.cat\/escguillemisarn\/general\/25n-prou\/\" title=\"Read 25N Prou!\">Llegeix m\u00e9s\u00bb<\/a><\/p>\n","protected":false},"author":18,"featured_media":1966,"comment_status":"open","ping_status":"closed","sticky":false,"template":"","format":"standard","meta":{"_bbp_topic_count":0,"_bbp_reply_count":0,"_bbp_total_topic_count":0,"_bbp_total_reply_count":0,"_bbp_voice_count":0,"_bbp_anonymous_reply_count":0,"_bbp_topic_count_hidden":0,"_bbp_reply_count_hidden":0,"_bbp_forum_subforum_count":0,"footnotes":""},"categories":[71,72,73,1,2,4,5],"tags":[],"class_list":["post-1965","post","type-post","status-publish","format-standard","has-post-thumbnail","hentry","category-ci","category-cm","category-cs","category-general","category-infantil","category-portada","category-primaria"],"post_mailing_queue_ids":[],"_links":{"self":[{"href":"https:\/\/agora.xtec.cat\/escguillemisarn\/wp-json\/wp\/v2\/posts\/1965","targetHints":{"allow":["GET"]}}],"collection":[{"href":"https:\/\/agora.xtec.cat\/escguillemisarn\/wp-json\/wp\/v2\/posts"}],"about":[{"href":"https:\/\/agora.xtec.cat\/escguillemisarn\/wp-json\/wp\/v2\/types\/post"}],"author":[{"embeddable":true,"href":"https:\/\/agora.xtec.cat\/escguillemisarn\/wp-json\/wp\/v2\/users\/18"}],"replies":[{"embeddable":true,"href":"https:\/\/agora.xtec.cat\/escguillemisarn\/wp-json\/wp\/v2\/comments?post=1965"}],"version-history":[{"count":1,"href":"https:\/\/agora.xtec.cat\/escguillemisarn\/wp-json\/wp\/v2\/posts\/1965\/revisions"}],"predecessor-version":[{"id":1967,"href":"https:\/\/agora.xtec.cat\/escguillemisarn\/wp-json\/wp\/v2\/posts\/1965\/revisions\/1967"}],"wp:featuredmedia":[{"embeddable":true,"href":"https:\/\/agora.xtec.cat\/escguillemisarn\/wp-json\/wp\/v2\/media\/1966"}],"wp:attachment":[{"href":"https:\/\/agora.xtec.cat\/escguillemisarn\/wp-json\/wp\/v2\/media?parent=1965"}],"wp:term":[{"taxonomy":"category","embeddable":true,"href":"https:\/\/agora.xtec.cat\/escguillemisarn\/wp-json\/wp\/v2\/categories?post=1965"},{"taxonomy":"post_tag","embeddable":true,"href":"https:\/\/agora.xtec.cat\/escguillemisarn\/wp-json\/wp\/v2\/tags?post=1965"}],"curies":[{"name":"wp","href":"https:\/\/api.w.org\/{rel}","templated":true}]}}