{"id":1960,"date":"2021-11-24T12:25:01","date_gmt":"2021-11-24T11:25:01","guid":{"rendered":"https:\/\/agora.xtec.cat\/escguillemisarn\/?p=1960"},"modified":"2021-11-25T13:40:50","modified_gmt":"2021-11-25T12:40:50","slug":"g-r-a-c-i-e-s-donants-de-sang","status":"publish","type":"post","link":"https:\/\/agora.xtec.cat\/escguillemisarn\/general\/g-r-a-c-i-e-s-donants-de-sang\/","title":{"rendered":"G R \u00c0 C I E S ! Donants de sang"},"content":{"rendered":"<p><a href=\"https:\/\/agora.xtec.cat\/escguillemisarn\/wp-content\/uploads\/usu1631\/2021\/11\/open-graph-donarsang-viu-i-fes-viure.jpg\"><img loading=\"lazy\" decoding=\"async\" class=\"wp-image-1961 alignleft\" src=\"https:\/\/agora.xtec.cat\/escguillemisarn\/wp-content\/uploads\/usu1631\/2021\/11\/open-graph-donarsang-viu-i-fes-viure-1024x538.jpg\" alt=\"\" width=\"265\" height=\"139\" srcset=\"https:\/\/agora.xtec.cat\/escguillemisarn\/wp-content\/uploads\/usu1631\/2021\/11\/open-graph-donarsang-viu-i-fes-viure-1024x538.jpg 1024w, https:\/\/agora.xtec.cat\/escguillemisarn\/wp-content\/uploads\/usu1631\/2021\/11\/open-graph-donarsang-viu-i-fes-viure-300x158.jpg 300w, https:\/\/agora.xtec.cat\/escguillemisarn\/wp-content\/uploads\/usu1631\/2021\/11\/open-graph-donarsang-viu-i-fes-viure-768x403.jpg 768w, https:\/\/agora.xtec.cat\/escguillemisarn\/wp-content\/uploads\/usu1631\/2021\/11\/open-graph-donarsang-viu-i-fes-viure.jpg 1200w\" sizes=\"auto, (max-width: 265px) 100vw, 265px\" \/><\/a>Avui, la nostra escola, ha rebut la visita molt entranyable de la persona representant de la Federaci\u00f3 Catalana de Donants de Sang de La Fuliola i Bold\u00fa i ens ha regalat exemplars del conte titulat <em>La geganta de la sang<\/em>, un llibre escrit per Albert Torra Cabello i il\u00b7lustrat per Ermengol.<\/p>\n<p>Des de l&#8217;Escola volem agrair a la Federaci\u00f3 Catalana de Donants de Sang i a la seva representant per fer-nos, any rere any, aquest obsequi en forma de llibre i lectura! Un llibre que, a m\u00e9s a m\u00e9s de conscienciar sobre la import\u00e0ncia d&#8217;aquest gest tan solidari de donar sang, ha de servir per confeccionar la biblioteca personal de cada alumne dintre de les seves llars.<\/p>\n<p>Podeu veure dues fotos dels llibres al seg\u00fcent enlla\u00e7:<\/p>\n<p><a href=\"https:\/\/photos.app.goo.gl\/baqtVGUeUEdA9J6u7\">https:\/\/photos.app.goo.gl\/baqtVGUeUEdA9J6u7<\/a><\/p>\n<p>&nbsp;<\/p>\n","protected":false},"excerpt":{"rendered":"<p><a href=\"https:\/\/agora.xtec.cat\/escguillemisarn\/wp-content\/uploads\/usu1631\/2021\/11\/open-graph-donarsang-viu-i-fes-viure.jpg\"><\/a>Avui, la nostra escola, ha rebut la visita molt entranyable de la persona representant de la Federaci\u00f3 Catalana de Donants de Sang de La Fuliola i Bold\u00fa i ens ha regalat exemplars del conte titulat La geganta de la sang, un llibre escrit per&hellip;  <a href=\"https:\/\/agora.xtec.cat\/escguillemisarn\/general\/g-r-a-c-i-e-s-donants-de-sang\/\" title=\"Read G R \u00c0 C I E S ! Donants de sang\">Llegeix m\u00e9s\u00bb<\/a><\/p>\n","protected":false},"author":18,"featured_media":1961,"comment_status":"open","ping_status":"closed","sticky":false,"template":"","format":"standard","meta":{"_bbp_topic_count":0,"_bbp_reply_count":0,"_bbp_total_topic_count":0,"_bbp_total_reply_count":0,"_bbp_voice_count":0,"_bbp_anonymous_reply_count":0,"_bbp_topic_count_hidden":0,"_bbp_reply_count_hidden":0,"_bbp_forum_subforum_count":0,"footnotes":""},"categories":[71,72,73,79,1,2,4,5],"tags":[],"class_list":["post-1960","post","type-post","status-publish","format-standard","has-post-thumbnail","hentry","category-ci","category-cm","category-cs","category-foment-de-la-lectura","category-general","category-infantil","category-portada","category-primaria"],"post_mailing_queue_ids":[],"_links":{"self":[{"href":"https:\/\/agora.xtec.cat\/escguillemisarn\/wp-json\/wp\/v2\/posts\/1960","targetHints":{"allow":["GET"]}}],"collection":[{"href":"https:\/\/agora.xtec.cat\/escguillemisarn\/wp-json\/wp\/v2\/posts"}],"about":[{"href":"https:\/\/agora.xtec.cat\/escguillemisarn\/wp-json\/wp\/v2\/types\/post"}],"author":[{"embeddable":true,"href":"https:\/\/agora.xtec.cat\/escguillemisarn\/wp-json\/wp\/v2\/users\/18"}],"replies":[{"embeddable":true,"href":"https:\/\/agora.xtec.cat\/escguillemisarn\/wp-json\/wp\/v2\/comments?post=1960"}],"version-history":[{"count":1,"href":"https:\/\/agora.xtec.cat\/escguillemisarn\/wp-json\/wp\/v2\/posts\/1960\/revisions"}],"predecessor-version":[{"id":1962,"href":"https:\/\/agora.xtec.cat\/escguillemisarn\/wp-json\/wp\/v2\/posts\/1960\/revisions\/1962"}],"wp:featuredmedia":[{"embeddable":true,"href":"https:\/\/agora.xtec.cat\/escguillemisarn\/wp-json\/wp\/v2\/media\/1961"}],"wp:attachment":[{"href":"https:\/\/agora.xtec.cat\/escguillemisarn\/wp-json\/wp\/v2\/media?parent=1960"}],"wp:term":[{"taxonomy":"category","embeddable":true,"href":"https:\/\/agora.xtec.cat\/escguillemisarn\/wp-json\/wp\/v2\/categories?post=1960"},{"taxonomy":"post_tag","embeddable":true,"href":"https:\/\/agora.xtec.cat\/escguillemisarn\/wp-json\/wp\/v2\/tags?post=1960"}],"curies":[{"name":"wp","href":"https:\/\/api.w.org\/{rel}","templated":true}]}}