{"id":1950,"date":"2021-11-19T13:56:34","date_gmt":"2021-11-19T12:56:34","guid":{"rendered":"https:\/\/agora.xtec.cat\/escguillemisarn\/?p=1950"},"modified":"2021-11-25T13:55:56","modified_gmt":"2021-11-25T12:55:56","slug":"els-alumnes-deducacio-infantil-anem-a-la-biblioteca-de-tarrega","status":"publish","type":"post","link":"https:\/\/agora.xtec.cat\/escguillemisarn\/general\/els-alumnes-deducacio-infantil-anem-a-la-biblioteca-de-tarrega\/","title":{"rendered":"ELS ALUMNES D&#8217;EDUCACI\u00d3 INFANTIL ANEM A LA BIBLIOTECA DE T\u00c0RREGA"},"content":{"rendered":"<p>Els nens i nenes d&#8217;educaci\u00f3 infantil hem anat aquest divendres al mat\u00ed a T\u00e0rrega.<\/p>\n<p>Hem visitat la biblioteca, la bibliotec\u00e0ria, la M\u00f2nica, ens han explicat tres contes que ens han agradat molt: El Cargol i l&#8217;herba de Poliol, El cocodril que no es volia mullar i L&#8217;ovelleta que va venir a sopar.<\/p>\n<p>Despr\u00e9s hem pogut mirar i llegir tota mena de contes i llibres.<\/p>\n<p><a href=\"https:\/\/agora.xtec.cat\/escguillemisarn\/wp-content\/uploads\/usu1631\/2021\/11\/TUHQ4978.jpg\"><img loading=\"lazy\" decoding=\"async\" class=\"alignleft wp-image-1951\" src=\"https:\/\/agora.xtec.cat\/escguillemisarn\/wp-content\/uploads\/usu1631\/2021\/11\/TUHQ4978-225x300.jpg\" alt=\"\" width=\"201\" height=\"268\" srcset=\"https:\/\/agora.xtec.cat\/escguillemisarn\/wp-content\/uploads\/usu1631\/2021\/11\/TUHQ4978-225x300.jpg 225w, https:\/\/agora.xtec.cat\/escguillemisarn\/wp-content\/uploads\/usu1631\/2021\/11\/TUHQ4978-768x1024.jpg 768w, https:\/\/agora.xtec.cat\/escguillemisarn\/wp-content\/uploads\/usu1631\/2021\/11\/TUHQ4978-1152x1536.jpg 1152w, https:\/\/agora.xtec.cat\/escguillemisarn\/wp-content\/uploads\/usu1631\/2021\/11\/TUHQ4978.jpg 1536w\" sizes=\"auto, (max-width: 201px) 100vw, 201px\" \/><\/a><\/p>\n<p>&nbsp;<\/p>\n<p>&nbsp;<\/p>\n<p>&nbsp;<\/p>\n<p>&nbsp;<\/p>\n<p>&nbsp;<\/p>\n<p>&nbsp;<\/p>\n<p>&nbsp;<\/p>\n<p>Aix\u00ed de b\u00e9 ens ho hem passat!<\/p>\n<p><a href=\"https:\/\/photos.app.goo.gl\/HmqDGae6zXVvJXMu6\">https:\/\/photos.app.goo.gl\/HmqDGae6zXVvJXMu6<\/a><\/p>\n","protected":false},"excerpt":{"rendered":"<p>Els nens i nenes d&#8217;educaci\u00f3 infantil hem anat aquest divendres al mat\u00ed a T\u00e0rrega.<br \/>\nHem visitat la biblioteca, la bibliotec\u00e0ria, la M\u00f2nica, ens han explicat tres contes que ens han agradat molt: El Cargol i l&#8217;herba de Poliol, El cocodril que no es volia mullar i&hellip;  <a href=\"https:\/\/agora.xtec.cat\/escguillemisarn\/general\/els-alumnes-deducacio-infantil-anem-a-la-biblioteca-de-tarrega\/\" title=\"Read ELS ALUMNES D&#8217;EDUCACI\u00d3 INFANTIL ANEM A LA BIBLIOTECA DE T\u00c0RREGA\">Llegeix m\u00e9s\u00bb<\/a><\/p>\n","protected":false},"author":1,"featured_media":0,"comment_status":"open","ping_status":"closed","sticky":false,"template":"","format":"standard","meta":{"_bbp_topic_count":0,"_bbp_reply_count":0,"_bbp_total_topic_count":0,"_bbp_total_reply_count":0,"_bbp_voice_count":0,"_bbp_anonymous_reply_count":0,"_bbp_topic_count_hidden":0,"_bbp_reply_count_hidden":0,"_bbp_forum_subforum_count":0,"footnotes":""},"categories":[79,1,2,4],"tags":[],"class_list":["post-1950","post","type-post","status-publish","format-standard","hentry","category-foment-de-la-lectura","category-general","category-infantil","category-portada"],"post_mailing_queue_ids":[],"_links":{"self":[{"href":"https:\/\/agora.xtec.cat\/escguillemisarn\/wp-json\/wp\/v2\/posts\/1950","targetHints":{"allow":["GET"]}}],"collection":[{"href":"https:\/\/agora.xtec.cat\/escguillemisarn\/wp-json\/wp\/v2\/posts"}],"about":[{"href":"https:\/\/agora.xtec.cat\/escguillemisarn\/wp-json\/wp\/v2\/types\/post"}],"author":[{"embeddable":true,"href":"https:\/\/agora.xtec.cat\/escguillemisarn\/wp-json\/wp\/v2\/users\/1"}],"replies":[{"embeddable":true,"href":"https:\/\/agora.xtec.cat\/escguillemisarn\/wp-json\/wp\/v2\/comments?post=1950"}],"version-history":[{"count":2,"href":"https:\/\/agora.xtec.cat\/escguillemisarn\/wp-json\/wp\/v2\/posts\/1950\/revisions"}],"predecessor-version":[{"id":1953,"href":"https:\/\/agora.xtec.cat\/escguillemisarn\/wp-json\/wp\/v2\/posts\/1950\/revisions\/1953"}],"wp:attachment":[{"href":"https:\/\/agora.xtec.cat\/escguillemisarn\/wp-json\/wp\/v2\/media?parent=1950"}],"wp:term":[{"taxonomy":"category","embeddable":true,"href":"https:\/\/agora.xtec.cat\/escguillemisarn\/wp-json\/wp\/v2\/categories?post=1950"},{"taxonomy":"post_tag","embeddable":true,"href":"https:\/\/agora.xtec.cat\/escguillemisarn\/wp-json\/wp\/v2\/tags?post=1950"}],"curies":[{"name":"wp","href":"https:\/\/api.w.org\/{rel}","templated":true}]}}