{"id":1935,"date":"2021-11-11T13:57:54","date_gmt":"2021-11-11T12:57:54","guid":{"rendered":"https:\/\/agora.xtec.cat\/escguillemisarn\/?p=1935"},"modified":"2021-11-11T13:57:54","modified_gmt":"2021-11-11T12:57:54","slug":"comite-ambiental","status":"publish","type":"post","link":"https:\/\/agora.xtec.cat\/escguillemisarn\/general\/comite-ambiental\/","title":{"rendered":"COMIT\u00c8 AMBIENTAL"},"content":{"rendered":"<p>Aquest dijous dia 11 de novembre s&#8217;ha realitzat la primera reuni\u00f3 del comit\u00e8 ambiental, formada per un alumne de cada curs de prim\u00e0ria, la representant de l&#8217;Ajuntament, el representant del PAS i un membre de cada cicle de l&#8217;equip de mestres de l&#8217;escola.<\/p>\n<p>En aquesta primera reuni\u00f3 s&#8217;han revisat els acords i les actuacions preses el curs passat.<\/p>\n<p>Els representants verds han exposat les propostes de cada classe i s&#8217;han decidit alguns acords per a dur a terme durant aquest curs escolar.<\/p>\n<p>Entre algunes propostes, s&#8217;acorda fer una campanya per tal de reduir l&#8217;\u00fas de paper d&#8217;alumini i paper film,dur a terme diferents actuacions a les diferents places apadrinades, proposta de tenir cura de l&#8217;entorn proper&#8230;<\/p>\n<p>Esperem que a la propera reuni\u00f3 s&#8217;hagin pogut dur a terme algunes d&#8217;aquestes propostes.<\/p>\n<p><a href=\"https:\/\/agora.xtec.cat\/escguillemisarn\/wp-content\/uploads\/usu1631\/2021\/11\/IMG-2423.jpg\"><img loading=\"lazy\" decoding=\"async\" class=\"wp-image-1936 aligncenter\" src=\"https:\/\/agora.xtec.cat\/escguillemisarn\/wp-content\/uploads\/usu1631\/2021\/11\/IMG-2423.jpg\" alt=\"\" width=\"428\" height=\"321\" srcset=\"https:\/\/agora.xtec.cat\/escguillemisarn\/wp-content\/uploads\/usu1631\/2021\/11\/IMG-2423.jpg 640w, https:\/\/agora.xtec.cat\/escguillemisarn\/wp-content\/uploads\/usu1631\/2021\/11\/IMG-2423-300x225.jpg 300w, https:\/\/agora.xtec.cat\/escguillemisarn\/wp-content\/uploads\/usu1631\/2021\/11\/IMG-2423-200x150.jpg 200w\" sizes=\"auto, (max-width: 428px) 100vw, 428px\" \/><\/a>Comit\u00e8 ambiental.<\/p>\n","protected":false},"excerpt":{"rendered":"<p>Aquest dijous dia 11 de novembre s&#8217;ha realitzat la primera reuni\u00f3 del comit\u00e8 ambiental, formada per un alumne de cada curs de prim\u00e0ria, la representant de l&#8217;Ajuntament, el representant del PAS i un membre de cada cicle de l&#8217;equip de mestres de l&#8217;escola.<br \/>\nEn aquesta primera&hellip;  <a href=\"https:\/\/agora.xtec.cat\/escguillemisarn\/general\/comite-ambiental\/\" title=\"Read COMIT\u00c8 AMBIENTAL\">Llegeix m\u00e9s\u00bb<\/a><\/p>\n","protected":false},"author":8,"featured_media":1673,"comment_status":"open","ping_status":"closed","sticky":false,"template":"","format":"standard","meta":{"_bbp_topic_count":0,"_bbp_reply_count":0,"_bbp_total_topic_count":0,"_bbp_total_reply_count":0,"_bbp_voice_count":0,"_bbp_anonymous_reply_count":0,"_bbp_topic_count_hidden":0,"_bbp_reply_count_hidden":0,"_bbp_forum_subforum_count":0,"footnotes":""},"categories":[71,72,73,77,1,2,4,5],"tags":[],"class_list":["post-1935","post","type-post","status-publish","format-standard","has-post-thumbnail","hentry","category-ci","category-cm","category-cs","category-escola-verda","category-general","category-infantil","category-portada","category-primaria"],"post_mailing_queue_ids":[],"_links":{"self":[{"href":"https:\/\/agora.xtec.cat\/escguillemisarn\/wp-json\/wp\/v2\/posts\/1935","targetHints":{"allow":["GET"]}}],"collection":[{"href":"https:\/\/agora.xtec.cat\/escguillemisarn\/wp-json\/wp\/v2\/posts"}],"about":[{"href":"https:\/\/agora.xtec.cat\/escguillemisarn\/wp-json\/wp\/v2\/types\/post"}],"author":[{"embeddable":true,"href":"https:\/\/agora.xtec.cat\/escguillemisarn\/wp-json\/wp\/v2\/users\/8"}],"replies":[{"embeddable":true,"href":"https:\/\/agora.xtec.cat\/escguillemisarn\/wp-json\/wp\/v2\/comments?post=1935"}],"version-history":[{"count":1,"href":"https:\/\/agora.xtec.cat\/escguillemisarn\/wp-json\/wp\/v2\/posts\/1935\/revisions"}],"predecessor-version":[{"id":1937,"href":"https:\/\/agora.xtec.cat\/escguillemisarn\/wp-json\/wp\/v2\/posts\/1935\/revisions\/1937"}],"wp:featuredmedia":[{"embeddable":true,"href":"https:\/\/agora.xtec.cat\/escguillemisarn\/wp-json\/wp\/v2\/media\/1673"}],"wp:attachment":[{"href":"https:\/\/agora.xtec.cat\/escguillemisarn\/wp-json\/wp\/v2\/media?parent=1935"}],"wp:term":[{"taxonomy":"category","embeddable":true,"href":"https:\/\/agora.xtec.cat\/escguillemisarn\/wp-json\/wp\/v2\/categories?post=1935"},{"taxonomy":"post_tag","embeddable":true,"href":"https:\/\/agora.xtec.cat\/escguillemisarn\/wp-json\/wp\/v2\/tags?post=1935"}],"curies":[{"name":"wp","href":"https:\/\/api.w.org\/{rel}","templated":true}]}}