{"id":1908,"date":"2021-11-11T14:48:45","date_gmt":"2021-11-11T13:48:45","guid":{"rendered":"https:\/\/agora.xtec.cat\/escguillemisarn\/?p=1908"},"modified":"2021-11-11T14:48:45","modified_gmt":"2021-11-11T13:48:45","slug":"sortida-cda-tremp-cicle-mitja-i-superior","status":"publish","type":"post","link":"https:\/\/agora.xtec.cat\/escguillemisarn\/general\/sortida-cda-tremp-cicle-mitja-i-superior\/","title":{"rendered":"SORTIDA CDA TREMP: Cicle mitj\u00e0 i superior"},"content":{"rendered":"<p>Ahir l&#8217;alumnat de cicle mitj\u00e0 i superior vam anar d&#8217;excursi\u00f3 a Tremp, concretament a La Posa i a Orcau.<br \/>\nEns va fer un dia radiant de sol i ens vam divertir molt\u00edssim tot fent de paleont\u00f2legs i aprenent diferents curiositats sobre el clima i els animals d&#8217;\u00e8poques passades. Vam veure i poder tocar f\u00f2ssils, vam fer de cient\u00edfics tot investigant: primer ens vam plantejar hip\u00f2tesis, recollir evid\u00e8ncies, analitzar les dades i vam extreure unes conclusions per comprovar si eren certes o no les nostres hip\u00f2tesis. D&#8217;aquesta manera vam poder descobrir aspectes sobre l&#8217;\u00e8poca dels dinosaures.<\/p>\n<p>Aqu\u00ed us deixem algunes fotografies:<\/p>\n<p>Alumnes de 3r: <a href=\"https:\/\/photos.app.goo.gl\/PpZjt7NK5kC2HymBA\">https:\/\/photos.app.goo.gl\/PpZjt7NK5kC2HymBA<\/a><\/p>\n<p>Alumnes de 4t: <a href=\"https:\/\/photos.app.goo.gl\/Akk5cAtEL3so8Qom6\">https:\/\/photos.app.goo.gl\/Akk5cAtEL3so8Qom6<\/a><\/p>\n<p>Alumnes de 5\u00e8: <a href=\"https:\/\/photos.app.goo.gl\/SSbWhMCYewf95WpVA\">https:\/\/photos.app.goo.gl\/SSbWhMCYewf95WpVA<\/a><\/p>\n<p>Alumnes de 6\u00e8: <a href=\"https:\/\/photos.app.goo.gl\/hDYMZ6E4GiCxecKM7\">https:\/\/photos.app.goo.gl\/hDYMZ6E4GiCxecKM7<\/a><\/p>\n","protected":false},"excerpt":{"rendered":"<p>Ahir l&#8217;alumnat de cicle mitj\u00e0 i superior vam anar d&#8217;excursi\u00f3 a Tremp, concretament a La Posa i a Orcau.<br \/>\nEns va fer un dia radiant de sol i ens vam divertir molt\u00edssim tot fent de paleont\u00f2legs i aprenent diferents curiositats sobre el clima i els animals&hellip;  <a href=\"https:\/\/agora.xtec.cat\/escguillemisarn\/general\/sortida-cda-tremp-cicle-mitja-i-superior\/\" title=\"Read SORTIDA CDA TREMP: Cicle mitj\u00e0 i superior\">Llegeix m\u00e9s\u00bb<\/a><\/p>\n","protected":false},"author":1,"featured_media":0,"comment_status":"open","ping_status":"closed","sticky":false,"template":"","format":"standard","meta":{"_bbp_topic_count":0,"_bbp_reply_count":0,"_bbp_total_topic_count":0,"_bbp_total_reply_count":0,"_bbp_voice_count":0,"_bbp_anonymous_reply_count":0,"_bbp_topic_count_hidden":0,"_bbp_reply_count_hidden":0,"_bbp_forum_subforum_count":0,"footnotes":""},"categories":[72,73,1,4,5],"tags":[],"class_list":["post-1908","post","type-post","status-publish","format-standard","hentry","category-cm","category-cs","category-general","category-portada","category-primaria"],"post_mailing_queue_ids":[],"_links":{"self":[{"href":"https:\/\/agora.xtec.cat\/escguillemisarn\/wp-json\/wp\/v2\/posts\/1908","targetHints":{"allow":["GET"]}}],"collection":[{"href":"https:\/\/agora.xtec.cat\/escguillemisarn\/wp-json\/wp\/v2\/posts"}],"about":[{"href":"https:\/\/agora.xtec.cat\/escguillemisarn\/wp-json\/wp\/v2\/types\/post"}],"author":[{"embeddable":true,"href":"https:\/\/agora.xtec.cat\/escguillemisarn\/wp-json\/wp\/v2\/users\/1"}],"replies":[{"embeddable":true,"href":"https:\/\/agora.xtec.cat\/escguillemisarn\/wp-json\/wp\/v2\/comments?post=1908"}],"version-history":[{"count":6,"href":"https:\/\/agora.xtec.cat\/escguillemisarn\/wp-json\/wp\/v2\/posts\/1908\/revisions"}],"predecessor-version":[{"id":1938,"href":"https:\/\/agora.xtec.cat\/escguillemisarn\/wp-json\/wp\/v2\/posts\/1908\/revisions\/1938"}],"wp:attachment":[{"href":"https:\/\/agora.xtec.cat\/escguillemisarn\/wp-json\/wp\/v2\/media?parent=1908"}],"wp:term":[{"taxonomy":"category","embeddable":true,"href":"https:\/\/agora.xtec.cat\/escguillemisarn\/wp-json\/wp\/v2\/categories?post=1908"},{"taxonomy":"post_tag","embeddable":true,"href":"https:\/\/agora.xtec.cat\/escguillemisarn\/wp-json\/wp\/v2\/tags?post=1908"}],"curies":[{"name":"wp","href":"https:\/\/api.w.org\/{rel}","templated":true}]}}