{"id":1888,"date":"2021-11-04T16:57:55","date_gmt":"2021-11-04T15:57:55","guid":{"rendered":"https:\/\/agora.xtec.cat\/escguillemisarn\/?p=1888"},"modified":"2021-11-04T18:32:17","modified_gmt":"2021-11-04T17:32:17","slug":"a-p5-hem-anat-al-teatre-a-tarrega","status":"publish","type":"post","link":"https:\/\/agora.xtec.cat\/escguillemisarn\/general\/a-p5-hem-anat-al-teatre-a-tarrega\/","title":{"rendered":"A P5 HEM ANAT AL TEATRE A T\u00c0RREGA"},"content":{"rendered":"<p>Aquest dijous 4 de novembre, els nens i nenes de P5, hem anat a T\u00e0rrega a veure una obra de teatre &#8220;Safari&#8221; de la companyia &#8220;La Baldufa&#8221;.Hem pogut gaudir d&#8217;una hist\u00f2ria en que l&#8217;amistat i la solidaritat\u00a0 s\u00f3n valors que s&#8217;han de treballar i vetllar sempre.<\/p>\n<p style=\"text-align: center;\"><a href=\"https:\/\/agora.xtec.cat\/escguillemisarn\/wp-content\/uploads\/usu1631\/2021\/11\/safari-la-baldufa-4.jpg\"><img loading=\"lazy\" decoding=\"async\" class=\"alignnone wp-image-1884\" src=\"https:\/\/agora.xtec.cat\/escguillemisarn\/wp-content\/uploads\/usu1631\/2021\/11\/safari-la-baldufa-4.jpg\" alt=\"\" width=\"217\" height=\"111\" \/><\/a><\/p>\n<p>El\u00a0<em><strong>bullying<\/strong><\/em> \u00e9s la q\u00fcesti\u00f3 que s\u2019aborda tamb\u00e9 en aquesta obra. Les nenes i els nens poden entendre les seves amenaces a partir del comportament del cocodril i el lle\u00f3, i tamb\u00e9 del de la girafa, el mico i l\u2019elefant. Aquesta obra potencia actituds i comportaments positius que ajuden a una conviv\u00e8ncia dol\u00e7a i tranquil\u00b7la.<\/p>\n<p>Ens ho hem passat molt b\u00e9 participant i gaudint d&#8217;aquest &#8220;Safari&#8221;.<\/p>\n<p>&nbsp;<\/p>\n<p><a href=\"https:\/\/photos.app.goo.gl\/aiBct384ihXku1DAA\">https:\/\/photos.app.goo.gl\/aiBct384ihXku1DAA<\/a><\/p>\n","protected":false},"excerpt":{"rendered":"<p>Aquest dijous 4 de novembre, els nens i nenes de P5, hem anat a T\u00e0rrega a veure una obra de teatre &#8220;Safari&#8221; de la companyia &#8220;La Baldufa&#8221;.Hem pogut gaudir d&#8217;una hist\u00f2ria en que l&#8217;amistat i la solidaritat\u00a0 s\u00f3n valors que s&#8217;han de treballar i vetllar&hellip;  <a href=\"https:\/\/agora.xtec.cat\/escguillemisarn\/general\/a-p5-hem-anat-al-teatre-a-tarrega\/\" title=\"Read A P5 HEM ANAT AL TEATRE A T\u00c0RREGA\">Llegeix m\u00e9s\u00bb<\/a><\/p>\n","protected":false},"author":20,"featured_media":1884,"comment_status":"open","ping_status":"closed","sticky":false,"template":"","format":"standard","meta":{"_bbp_topic_count":0,"_bbp_reply_count":0,"_bbp_total_topic_count":0,"_bbp_total_reply_count":0,"_bbp_voice_count":0,"_bbp_anonymous_reply_count":0,"_bbp_topic_count_hidden":0,"_bbp_reply_count_hidden":0,"_bbp_forum_subforum_count":0,"footnotes":""},"categories":[1,2,4],"tags":[],"class_list":["post-1888","post","type-post","status-publish","format-standard","has-post-thumbnail","hentry","category-general","category-infantil","category-portada"],"post_mailing_queue_ids":[],"_links":{"self":[{"href":"https:\/\/agora.xtec.cat\/escguillemisarn\/wp-json\/wp\/v2\/posts\/1888","targetHints":{"allow":["GET"]}}],"collection":[{"href":"https:\/\/agora.xtec.cat\/escguillemisarn\/wp-json\/wp\/v2\/posts"}],"about":[{"href":"https:\/\/agora.xtec.cat\/escguillemisarn\/wp-json\/wp\/v2\/types\/post"}],"author":[{"embeddable":true,"href":"https:\/\/agora.xtec.cat\/escguillemisarn\/wp-json\/wp\/v2\/users\/20"}],"replies":[{"embeddable":true,"href":"https:\/\/agora.xtec.cat\/escguillemisarn\/wp-json\/wp\/v2\/comments?post=1888"}],"version-history":[{"count":3,"href":"https:\/\/agora.xtec.cat\/escguillemisarn\/wp-json\/wp\/v2\/posts\/1888\/revisions"}],"predecessor-version":[{"id":1897,"href":"https:\/\/agora.xtec.cat\/escguillemisarn\/wp-json\/wp\/v2\/posts\/1888\/revisions\/1897"}],"wp:featuredmedia":[{"embeddable":true,"href":"https:\/\/agora.xtec.cat\/escguillemisarn\/wp-json\/wp\/v2\/media\/1884"}],"wp:attachment":[{"href":"https:\/\/agora.xtec.cat\/escguillemisarn\/wp-json\/wp\/v2\/media?parent=1888"}],"wp:term":[{"taxonomy":"category","embeddable":true,"href":"https:\/\/agora.xtec.cat\/escguillemisarn\/wp-json\/wp\/v2\/categories?post=1888"},{"taxonomy":"post_tag","embeddable":true,"href":"https:\/\/agora.xtec.cat\/escguillemisarn\/wp-json\/wp\/v2\/tags?post=1888"}],"curies":[{"name":"wp","href":"https:\/\/api.w.org\/{rel}","templated":true}]}}