{"id":1878,"date":"2021-11-02T13:26:20","date_gmt":"2021-11-02T12:26:20","guid":{"rendered":"https:\/\/agora.xtec.cat\/escguillemisarn\/?p=1878"},"modified":"2021-11-02T13:29:05","modified_gmt":"2021-11-02T12:29:05","slug":"lalumnat-de-cicle-superior-visitem-les-places","status":"publish","type":"post","link":"https:\/\/agora.xtec.cat\/escguillemisarn\/general\/lalumnat-de-cicle-superior-visitem-les-places\/","title":{"rendered":"L&#8217;ALUMNAT DE CICLE SUPERIOR VISITEM LES PLACES"},"content":{"rendered":"<p>El passat dijous dia 28 d&#8217;octubre pel mat\u00ed, les i els alumnes de cinqu\u00e8 i sis\u00e8 v\u00e0rem sortir a descobrir i con\u00e8ixer les places de la Fuliola i Bold\u00fa. Vam rec\u00f3rrer els carrers del poble i an\u00e0vem observant quines places ens agradaven m\u00e9s per poder escollir-ne una, la que volem apadrinar!<\/p>\n<p>Una vegada vam arribar a l&#8217;escola, vam fer una assemblea i vam votar tots i totes!<\/p>\n<p>A continuaci\u00f3 us deixem un recull de fotografies d&#8217;aquell mat\u00ed tan distret i divertit!<\/p>\n<p><a href=\"https:\/\/drive.google.com\/drive\/folders\/10S384H_htcqJlhfSd8i8PbwdHAv1hkuK?usp=sharing\">https:\/\/drive.google.com\/drive\/folders\/10S384H_htcqJlhfSd8i8PbwdHAv1hkuK?usp=sharing<\/a><\/p>\n","protected":false},"excerpt":{"rendered":"<p>El passat dijous dia 28 d&#8217;octubre pel mat\u00ed, les i els alumnes de cinqu\u00e8 i sis\u00e8 v\u00e0rem sortir a descobrir i con\u00e8ixer les places de la Fuliola i Bold\u00fa. Vam rec\u00f3rrer els carrers del poble i an\u00e0vem observant quines places ens agradaven m\u00e9s per poder&hellip;  <a href=\"https:\/\/agora.xtec.cat\/escguillemisarn\/general\/lalumnat-de-cicle-superior-visitem-les-places\/\" title=\"Read L&#8217;ALUMNAT DE CICLE SUPERIOR VISITEM LES PLACES\">Llegeix m\u00e9s\u00bb<\/a><\/p>\n","protected":false},"author":1,"featured_media":1879,"comment_status":"open","ping_status":"closed","sticky":false,"template":"","format":"standard","meta":{"_bbp_topic_count":0,"_bbp_reply_count":0,"_bbp_total_topic_count":0,"_bbp_total_reply_count":0,"_bbp_voice_count":0,"_bbp_anonymous_reply_count":0,"_bbp_topic_count_hidden":0,"_bbp_reply_count_hidden":0,"_bbp_forum_subforum_count":0,"footnotes":""},"categories":[73,77,1,4,5],"tags":[],"class_list":["post-1878","post","type-post","status-publish","format-standard","has-post-thumbnail","hentry","category-cs","category-escola-verda","category-general","category-portada","category-primaria"],"post_mailing_queue_ids":[],"_links":{"self":[{"href":"https:\/\/agora.xtec.cat\/escguillemisarn\/wp-json\/wp\/v2\/posts\/1878","targetHints":{"allow":["GET"]}}],"collection":[{"href":"https:\/\/agora.xtec.cat\/escguillemisarn\/wp-json\/wp\/v2\/posts"}],"about":[{"href":"https:\/\/agora.xtec.cat\/escguillemisarn\/wp-json\/wp\/v2\/types\/post"}],"author":[{"embeddable":true,"href":"https:\/\/agora.xtec.cat\/escguillemisarn\/wp-json\/wp\/v2\/users\/1"}],"replies":[{"embeddable":true,"href":"https:\/\/agora.xtec.cat\/escguillemisarn\/wp-json\/wp\/v2\/comments?post=1878"}],"version-history":[{"count":1,"href":"https:\/\/agora.xtec.cat\/escguillemisarn\/wp-json\/wp\/v2\/posts\/1878\/revisions"}],"predecessor-version":[{"id":1880,"href":"https:\/\/agora.xtec.cat\/escguillemisarn\/wp-json\/wp\/v2\/posts\/1878\/revisions\/1880"}],"wp:featuredmedia":[{"embeddable":true,"href":"https:\/\/agora.xtec.cat\/escguillemisarn\/wp-json\/wp\/v2\/media\/1879"}],"wp:attachment":[{"href":"https:\/\/agora.xtec.cat\/escguillemisarn\/wp-json\/wp\/v2\/media?parent=1878"}],"wp:term":[{"taxonomy":"category","embeddable":true,"href":"https:\/\/agora.xtec.cat\/escguillemisarn\/wp-json\/wp\/v2\/categories?post=1878"},{"taxonomy":"post_tag","embeddable":true,"href":"https:\/\/agora.xtec.cat\/escguillemisarn\/wp-json\/wp\/v2\/tags?post=1878"}],"curies":[{"name":"wp","href":"https:\/\/api.w.org\/{rel}","templated":true}]}}