{"id":1866,"date":"2021-10-30T06:40:04","date_gmt":"2021-10-30T04:40:04","guid":{"rendered":"https:\/\/agora.xtec.cat\/escguillemisarn\/?p=1866"},"modified":"2021-10-30T06:41:43","modified_gmt":"2021-10-30T04:41:43","slug":"cicle-inicial-plantem-a-lhort","status":"publish","type":"post","link":"https:\/\/agora.xtec.cat\/escguillemisarn\/general\/cicle-inicial-plantem-a-lhort\/","title":{"rendered":"CICLE INICIAL PLANTEM A L&#8217;HORT"},"content":{"rendered":"<p>Despr\u00e9s del fant\u00e0stic treball que ha fet l&#8217;AFA al nostre pati, nom\u00e9s ens faltava posar en marxa l&#8217;hort.<\/p>\n<p>Aix\u00ed que cicle inicial s&#8217;ha posat a treballar, hem agafat les eines necess\u00e0ries, hem re<a href=\"https:\/\/agora.xtec.cat\/escguillemisarn\/wp-content\/uploads\/usu1631\/2021\/10\/baixa.jpg\"><img loading=\"lazy\" decoding=\"async\" class=\"wp-image-1867 alignright\" src=\"https:\/\/agora.xtec.cat\/escguillemisarn\/wp-content\/uploads\/usu1631\/2021\/10\/baixa.jpg\" alt=\"\" width=\"298\" height=\"169\" \/><\/a>conegut el planter i finalment hem plantat als nostres palots verdures de temporada: enciams, escaroles, bledes, espinacs, alls, col, br\u00f2quils i col-i-flors.<\/p>\n<p style=\"text-align: left;\">Observarem molt b\u00e9 com creixen i les cuidarem per tal de poder recollir ben aviat productes km 0.<\/p>\n<p>&nbsp;<\/p>\n<p>Si voleu veure les fotos, cliqueu l&#8217;enlla\u00e7:<\/p>\n<p><a href=\"https:\/\/photos.app.goo.gl\/2c59GsqEjKxZ8Enm9\">https:\/\/photos.app.goo.gl\/2c59GsqEjKxZ8Enm9<\/a><\/p>\n","protected":false},"excerpt":{"rendered":"<p>Despr\u00e9s del fant\u00e0stic treball que ha fet l&#8217;AFA al nostre pati, nom\u00e9s ens faltava posar en marxa l&#8217;hort.<br \/>\nAix\u00ed que cicle inicial s&#8217;ha posat a treballar, hem agafat les eines necess\u00e0ries, hem re<a href=\"https:\/\/agora.xtec.cat\/escguillemisarn\/wp-content\/uploads\/usu1631\/2021\/10\/baixa.jpg\"><\/a>conegut el planter i finalment hem plantat als nostres palots verdures de temporada:&hellip;  <a href=\"https:\/\/agora.xtec.cat\/escguillemisarn\/general\/cicle-inicial-plantem-a-lhort\/\" title=\"Read CICLE INICIAL PLANTEM A L&#8217;HORT\">Llegeix m\u00e9s\u00bb<\/a><\/p>\n","protected":false},"author":13,"featured_media":0,"comment_status":"open","ping_status":"closed","sticky":false,"template":"","format":"standard","meta":{"_bbp_topic_count":0,"_bbp_reply_count":0,"_bbp_total_topic_count":0,"_bbp_total_reply_count":0,"_bbp_voice_count":0,"_bbp_anonymous_reply_count":0,"_bbp_topic_count_hidden":0,"_bbp_reply_count_hidden":0,"_bbp_forum_subforum_count":0,"footnotes":""},"categories":[71,77,1,4,5],"tags":[],"class_list":["post-1866","post","type-post","status-publish","format-standard","hentry","category-ci","category-escola-verda","category-general","category-portada","category-primaria"],"post_mailing_queue_ids":[],"_links":{"self":[{"href":"https:\/\/agora.xtec.cat\/escguillemisarn\/wp-json\/wp\/v2\/posts\/1866","targetHints":{"allow":["GET"]}}],"collection":[{"href":"https:\/\/agora.xtec.cat\/escguillemisarn\/wp-json\/wp\/v2\/posts"}],"about":[{"href":"https:\/\/agora.xtec.cat\/escguillemisarn\/wp-json\/wp\/v2\/types\/post"}],"author":[{"embeddable":true,"href":"https:\/\/agora.xtec.cat\/escguillemisarn\/wp-json\/wp\/v2\/users\/13"}],"replies":[{"embeddable":true,"href":"https:\/\/agora.xtec.cat\/escguillemisarn\/wp-json\/wp\/v2\/comments?post=1866"}],"version-history":[{"count":2,"href":"https:\/\/agora.xtec.cat\/escguillemisarn\/wp-json\/wp\/v2\/posts\/1866\/revisions"}],"predecessor-version":[{"id":1877,"href":"https:\/\/agora.xtec.cat\/escguillemisarn\/wp-json\/wp\/v2\/posts\/1866\/revisions\/1877"}],"wp:attachment":[{"href":"https:\/\/agora.xtec.cat\/escguillemisarn\/wp-json\/wp\/v2\/media?parent=1866"}],"wp:term":[{"taxonomy":"category","embeddable":true,"href":"https:\/\/agora.xtec.cat\/escguillemisarn\/wp-json\/wp\/v2\/categories?post=1866"},{"taxonomy":"post_tag","embeddable":true,"href":"https:\/\/agora.xtec.cat\/escguillemisarn\/wp-json\/wp\/v2\/tags?post=1866"}],"curies":[{"name":"wp","href":"https:\/\/api.w.org\/{rel}","templated":true}]}}