{"id":1854,"date":"2021-11-10T13:00:37","date_gmt":"2021-11-10T12:00:37","guid":{"rendered":"https:\/\/agora.xtec.cat\/escguillemisarn\/?p=1854"},"modified":"2021-11-10T13:01:20","modified_gmt":"2021-11-10T12:01:20","slug":"els-alumnes-deducacio-infantil-aprenem-a-classificar-les-deixalles","status":"publish","type":"post","link":"https:\/\/agora.xtec.cat\/escguillemisarn\/general\/els-alumnes-deducacio-infantil-aprenem-a-classificar-les-deixalles\/","title":{"rendered":"ELS ALUMNES D&#8217;EDUCACI\u00d3 INFANTIL APRENEM A CLASSIFICAR LES DEIXALLES"},"content":{"rendered":"<p>ELS ALUMNES DE P3, P4 I P5 HEM VISITAT ELS CONTENIDORS DE CLASSIFICACI\u00d3 DE DEIXALLES QUE TENIM PROP DE L&#8217;ESCOLA PER COMEN\u00c7AR A TREBALLAR I ADQUIRIR AQUEST H\u00c0BIT.<\/p>\n<p>AQU\u00cd TENIU EL RECULL DE FOTOGRAFIES D&#8217;AQUEST APRENENTATGE.<\/p>\n<p><a href=\"https:\/\/agora.xtec.cat\/escguillemisarn\/wp-content\/uploads\/usu1631\/2021\/10\/RECICLA.jpg\"><img loading=\"lazy\" decoding=\"async\" class=\"alignnone size-full wp-image-1915\" src=\"https:\/\/agora.xtec.cat\/escguillemisarn\/wp-content\/uploads\/usu1631\/2021\/10\/RECICLA.jpg\" alt=\"\" width=\"275\" height=\"183\" \/><\/a><\/p>\n<p><a tabindex=\"-1\" href=\"https:\/\/photos.app.goo.gl\/bT7eAEpeMPq7aywc9\" target=\"_blank\" rel=\"noopener\">photos.app.goo.gl\/bT7eAEpeMPq7aywc9<\/a><\/p>\n<p>US ANIMEM A QUE CONTINUEU A CASA\u00a0 TREBALLANT AQUEST ASPECTE PER LA CURA DEL MEDI AMBIENT.<\/p>\n<p>MOLTES GR\u00c0CIES<\/p>\n","protected":false},"excerpt":{"rendered":"<p>ELS ALUMNES DE P3, P4 I P5 HEM VISITAT ELS CONTENIDORS DE CLASSIFICACI\u00d3 DE DEIXALLES QUE TENIM PROP DE L&#8217;ESCOLA PER COMEN\u00c7AR A TREBALLAR I ADQUIRIR AQUEST H\u00c0BIT.<br \/>\nAQU\u00cd TENIU EL RECULL DE FOTOGRAFIES D&#8217;AQUEST APRENENTATGE.<br \/>\n<a href=\"https:\/\/agora.xtec.cat\/escguillemisarn\/wp-content\/uploads\/usu1631\/2021\/10\/RECICLA.jpg\"><\/a><br \/>\n<a tabindex=\"-1\" href=\"https:\/\/photos.app.goo.gl\/bT7eAEpeMPq7aywc9\" target=\"_blank\" rel=\"noopener\">photos.app.goo.gl\/bT7eAEpeMPq7aywc9<\/a><br \/>\nUS ANIMEM A QUE CONTINUEU A&hellip;  <a href=\"https:\/\/agora.xtec.cat\/escguillemisarn\/general\/els-alumnes-deducacio-infantil-aprenem-a-classificar-les-deixalles\/\" title=\"Read ELS ALUMNES D&#8217;EDUCACI\u00d3 INFANTIL APRENEM A CLASSIFICAR LES DEIXALLES\">Llegeix m\u00e9s\u00bb<\/a><\/p>\n","protected":false},"author":8,"featured_media":1673,"comment_status":"open","ping_status":"closed","sticky":false,"template":"","format":"standard","meta":{"_bbp_topic_count":0,"_bbp_reply_count":0,"_bbp_total_topic_count":0,"_bbp_total_reply_count":0,"_bbp_voice_count":0,"_bbp_anonymous_reply_count":0,"_bbp_topic_count_hidden":0,"_bbp_reply_count_hidden":0,"_bbp_forum_subforum_count":0,"footnotes":""},"categories":[77,1,2,4],"tags":[],"class_list":["post-1854","post","type-post","status-publish","format-standard","has-post-thumbnail","hentry","category-escola-verda","category-general","category-infantil","category-portada"],"post_mailing_queue_ids":[],"_links":{"self":[{"href":"https:\/\/agora.xtec.cat\/escguillemisarn\/wp-json\/wp\/v2\/posts\/1854","targetHints":{"allow":["GET"]}}],"collection":[{"href":"https:\/\/agora.xtec.cat\/escguillemisarn\/wp-json\/wp\/v2\/posts"}],"about":[{"href":"https:\/\/agora.xtec.cat\/escguillemisarn\/wp-json\/wp\/v2\/types\/post"}],"author":[{"embeddable":true,"href":"https:\/\/agora.xtec.cat\/escguillemisarn\/wp-json\/wp\/v2\/users\/8"}],"replies":[{"embeddable":true,"href":"https:\/\/agora.xtec.cat\/escguillemisarn\/wp-json\/wp\/v2\/comments?post=1854"}],"version-history":[{"count":3,"href":"https:\/\/agora.xtec.cat\/escguillemisarn\/wp-json\/wp\/v2\/posts\/1854\/revisions"}],"predecessor-version":[{"id":1917,"href":"https:\/\/agora.xtec.cat\/escguillemisarn\/wp-json\/wp\/v2\/posts\/1854\/revisions\/1917"}],"wp:featuredmedia":[{"embeddable":true,"href":"https:\/\/agora.xtec.cat\/escguillemisarn\/wp-json\/wp\/v2\/media\/1673"}],"wp:attachment":[{"href":"https:\/\/agora.xtec.cat\/escguillemisarn\/wp-json\/wp\/v2\/media?parent=1854"}],"wp:term":[{"taxonomy":"category","embeddable":true,"href":"https:\/\/agora.xtec.cat\/escguillemisarn\/wp-json\/wp\/v2\/categories?post=1854"},{"taxonomy":"post_tag","embeddable":true,"href":"https:\/\/agora.xtec.cat\/escguillemisarn\/wp-json\/wp\/v2\/tags?post=1854"}],"curies":[{"name":"wp","href":"https:\/\/api.w.org\/{rel}","templated":true}]}}