{"id":1849,"date":"2021-10-26T13:43:44","date_gmt":"2021-10-26T11:43:44","guid":{"rendered":"https:\/\/agora.xtec.cat\/escguillemisarn\/?p=1849"},"modified":"2021-10-26T13:45:03","modified_gmt":"2021-10-26T11:45:03","slug":"projecte-interdisciplinari-apadrinem-una-placa-del-nostre-poble-educacio-infantil","status":"publish","type":"post","link":"https:\/\/agora.xtec.cat\/escguillemisarn\/general\/projecte-interdisciplinari-apadrinem-una-placa-del-nostre-poble-educacio-infantil\/","title":{"rendered":"PROJECTE INTERDISCIPLINARI: APADRINEM UNA PLA\u00c7A DEL NOSTRE POBLE (Educaci\u00f3 infantil)"},"content":{"rendered":"<p>EL PASSAT DIVENDRES ELS NENS I NENES D&#8217;EDUCACI\u00d3 INFANTIL VAM ANAR A BOLD\u00da A VISITAR LES PLACES DE LA LOCALITAT. UN COP ALL\u00c0 VAM DESCOBRIR LES PLACES I VAM ESCOLLIR, MITJAN\u00c7ANT VOTACIONS, LA QUE M\u00c9S ENS AGRADAVA PER PODER-LA APADRINAR.<\/p>\n<p>LA PLA\u00c7A M\u00c9S VOTADA VA SER&#8230;&#8230;.. &#8220;LA PLA\u00c7A MAJOR&#8221;!!<\/p>\n<p><a href=\"https:\/\/agora.xtec.cat\/escguillemisarn\/wp-content\/uploads\/usu1631\/2021\/10\/MAPA-PLACES-DE-BOLDU.jpg\"><img loading=\"lazy\" decoding=\"async\" class=\"alignleft wp-image-1850\" src=\"https:\/\/agora.xtec.cat\/escguillemisarn\/wp-content\/uploads\/usu1631\/2021\/10\/MAPA-PLACES-DE-BOLDU-1024x724.jpg\" alt=\"\" width=\"285\" height=\"202\" srcset=\"https:\/\/agora.xtec.cat\/escguillemisarn\/wp-content\/uploads\/usu1631\/2021\/10\/MAPA-PLACES-DE-BOLDU-1024x724.jpg 1024w, https:\/\/agora.xtec.cat\/escguillemisarn\/wp-content\/uploads\/usu1631\/2021\/10\/MAPA-PLACES-DE-BOLDU-300x212.jpg 300w, https:\/\/agora.xtec.cat\/escguillemisarn\/wp-content\/uploads\/usu1631\/2021\/10\/MAPA-PLACES-DE-BOLDU-768x543.jpg 768w, https:\/\/agora.xtec.cat\/escguillemisarn\/wp-content\/uploads\/usu1631\/2021\/10\/MAPA-PLACES-DE-BOLDU-1536x1086.jpg 1536w, https:\/\/agora.xtec.cat\/escguillemisarn\/wp-content\/uploads\/usu1631\/2021\/10\/MAPA-PLACES-DE-BOLDU.jpg 2000w\" sizes=\"auto, (max-width: 285px) 100vw, 285px\" \/><\/a><\/p>\n<p style=\"text-align: left;\">APROFITEM PER DEMANAR-VOS SI TENIU ALGUNA INFORMACI\u00d3, FOTOGRAFIES DE LES FESTES, ACTIVITATS, QUE SE CELEBREN EN AQUESTA PLA\u00c7A!<\/p>\n<p>MOLTES GR\u00c0CIES!<\/p>\n<p>AQU\u00cd TENIU UN RECULL DE LES FOTOGRAFIES DE LA SORTIDA.<\/p>\n<p><a href=\"https:\/\/photos.app.goo.gl\/tbdzgXrjpqSjGE8S9\">https:\/\/photos.app.goo.gl\/tbdzgXrjpqSjGE8S9<\/a><\/p>\n","protected":false},"excerpt":{"rendered":"<p>EL PASSAT DIVENDRES ELS NENS I NENES D&#8217;EDUCACI\u00d3 INFANTIL VAM ANAR A BOLD\u00da A VISITAR LES PLACES DE LA LOCALITAT. UN COP ALL\u00c0 VAM DESCOBRIR LES PLACES I VAM ESCOLLIR, MITJAN\u00c7ANT VOTACIONS, LA QUE M\u00c9S ENS AGRADAVA PER PODER-LA APADRINAR.<br \/>\nLA PLA\u00c7A M\u00c9S VOTADA VA SER&#8230;&#8230;..&hellip;  <a href=\"https:\/\/agora.xtec.cat\/escguillemisarn\/general\/projecte-interdisciplinari-apadrinem-una-placa-del-nostre-poble-educacio-infantil\/\" title=\"Read PROJECTE INTERDISCIPLINARI: APADRINEM UNA PLA\u00c7A DEL NOSTRE POBLE (Educaci\u00f3 infantil)\">Llegeix m\u00e9s\u00bb<\/a><\/p>\n","protected":false},"author":8,"featured_media":1673,"comment_status":"open","ping_status":"closed","sticky":false,"template":"","format":"standard","meta":{"_bbp_topic_count":0,"_bbp_reply_count":0,"_bbp_total_topic_count":0,"_bbp_total_reply_count":0,"_bbp_voice_count":0,"_bbp_anonymous_reply_count":0,"_bbp_topic_count_hidden":0,"_bbp_reply_count_hidden":0,"_bbp_forum_subforum_count":0,"footnotes":""},"categories":[77,1,2,4],"tags":[],"class_list":["post-1849","post","type-post","status-publish","format-standard","has-post-thumbnail","hentry","category-escola-verda","category-general","category-infantil","category-portada"],"post_mailing_queue_ids":[],"_links":{"self":[{"href":"https:\/\/agora.xtec.cat\/escguillemisarn\/wp-json\/wp\/v2\/posts\/1849","targetHints":{"allow":["GET"]}}],"collection":[{"href":"https:\/\/agora.xtec.cat\/escguillemisarn\/wp-json\/wp\/v2\/posts"}],"about":[{"href":"https:\/\/agora.xtec.cat\/escguillemisarn\/wp-json\/wp\/v2\/types\/post"}],"author":[{"embeddable":true,"href":"https:\/\/agora.xtec.cat\/escguillemisarn\/wp-json\/wp\/v2\/users\/8"}],"replies":[{"embeddable":true,"href":"https:\/\/agora.xtec.cat\/escguillemisarn\/wp-json\/wp\/v2\/comments?post=1849"}],"version-history":[{"count":3,"href":"https:\/\/agora.xtec.cat\/escguillemisarn\/wp-json\/wp\/v2\/posts\/1849\/revisions"}],"predecessor-version":[{"id":1853,"href":"https:\/\/agora.xtec.cat\/escguillemisarn\/wp-json\/wp\/v2\/posts\/1849\/revisions\/1853"}],"wp:featuredmedia":[{"embeddable":true,"href":"https:\/\/agora.xtec.cat\/escguillemisarn\/wp-json\/wp\/v2\/media\/1673"}],"wp:attachment":[{"href":"https:\/\/agora.xtec.cat\/escguillemisarn\/wp-json\/wp\/v2\/media?parent=1849"}],"wp:term":[{"taxonomy":"category","embeddable":true,"href":"https:\/\/agora.xtec.cat\/escguillemisarn\/wp-json\/wp\/v2\/categories?post=1849"},{"taxonomy":"post_tag","embeddable":true,"href":"https:\/\/agora.xtec.cat\/escguillemisarn\/wp-json\/wp\/v2\/tags?post=1849"}],"curies":[{"name":"wp","href":"https:\/\/api.w.org\/{rel}","templated":true}]}}