{"id":1838,"date":"2021-10-25T09:37:41","date_gmt":"2021-10-25T07:37:41","guid":{"rendered":"https:\/\/agora.xtec.cat\/escguillemisarn\/?p=1838"},"modified":"2021-10-25T09:37:41","modified_gmt":"2021-10-25T07:37:41","slug":"ordinadors-pels-alumnes-de-6e","status":"publish","type":"post","link":"https:\/\/agora.xtec.cat\/escguillemisarn\/general\/ordinadors-pels-alumnes-de-6e\/","title":{"rendered":"Ordinadors pels alumnes de 6\u00e8"},"content":{"rendered":"<p><a href=\"https:\/\/agora.xtec.cat\/escguillemisarn\/wp-content\/uploads\/usu1631\/2021\/10\/doc_PEDC.png\"><img loading=\"lazy\" decoding=\"async\" class=\"wp-image-1839 aligncenter\" src=\"https:\/\/agora.xtec.cat\/escguillemisarn\/wp-content\/uploads\/usu1631\/2021\/10\/doc_PEDC.png\" alt=\"\" width=\"129\" height=\"176\" srcset=\"https:\/\/agora.xtec.cat\/escguillemisarn\/wp-content\/uploads\/usu1631\/2021\/10\/doc_PEDC.png 344w, https:\/\/agora.xtec.cat\/escguillemisarn\/wp-content\/uploads\/usu1631\/2021\/10\/doc_PEDC-220x300.png 220w\" sizes=\"auto, (max-width: 129px) 100vw, 129px\" \/><\/a>El Departament d&#8217;Educaci\u00f3 mitjan\u00e7ant el Pla d&#8217;educaci\u00f3 digital de Catalunya ens ha fet arribar ordinadors per l&#8217;alumnat de 6\u00e8. Fet que permetr\u00e0 a tots els nostres divuit alumnes accedir a les tecnologies de l&#8217;aprenentatge i el coneixement. Est\u00e0 prevista una altra dotaci\u00f3 d&#8217;ordinadors per l&#8217;alumnat de 5\u00e8 a partir del 2n trimestre.<\/p>\n<p>Ara cal fer un bon \u00fas d&#8217;aquestes tecnologies i aprofitar-les al m\u00e0xim!<\/p>\n<p><a href=\"https:\/\/photos.app.goo.gl\/7PPybgsibDpZrbge8\">https:\/\/photos.app.goo.gl\/7PPybgsibDpZrbge8<\/a><\/p>\n","protected":false},"excerpt":{"rendered":"<p><a href=\"https:\/\/agora.xtec.cat\/escguillemisarn\/wp-content\/uploads\/usu1631\/2021\/10\/doc_PEDC.png\"><\/a>El Departament d&#8217;Educaci\u00f3 mitjan\u00e7ant el Pla d&#8217;educaci\u00f3 digital de Catalunya ens ha fet arribar ordinadors per l&#8217;alumnat de 6\u00e8. Fet que permetr\u00e0 a tots els nostres divuit alumnes accedir a les tecnologies de l&#8217;aprenentatge i el coneixement. Est\u00e0 prevista una altra dotaci\u00f3 d&#8217;ordinadors per&hellip;  <a href=\"https:\/\/agora.xtec.cat\/escguillemisarn\/general\/ordinadors-pels-alumnes-de-6e\/\" title=\"Read Ordinadors pels alumnes de 6\u00e8\">Llegeix m\u00e9s\u00bb<\/a><\/p>\n","protected":false},"author":18,"featured_media":1673,"comment_status":"open","ping_status":"closed","sticky":false,"template":"","format":"standard","meta":{"_bbp_topic_count":0,"_bbp_reply_count":0,"_bbp_total_topic_count":0,"_bbp_total_reply_count":0,"_bbp_voice_count":0,"_bbp_anonymous_reply_count":0,"_bbp_topic_count_hidden":0,"_bbp_reply_count_hidden":0,"_bbp_forum_subforum_count":0,"footnotes":""},"categories":[73,1,4,5],"tags":[],"class_list":["post-1838","post","type-post","status-publish","format-standard","has-post-thumbnail","hentry","category-cs","category-general","category-portada","category-primaria"],"post_mailing_queue_ids":[],"_links":{"self":[{"href":"https:\/\/agora.xtec.cat\/escguillemisarn\/wp-json\/wp\/v2\/posts\/1838","targetHints":{"allow":["GET"]}}],"collection":[{"href":"https:\/\/agora.xtec.cat\/escguillemisarn\/wp-json\/wp\/v2\/posts"}],"about":[{"href":"https:\/\/agora.xtec.cat\/escguillemisarn\/wp-json\/wp\/v2\/types\/post"}],"author":[{"embeddable":true,"href":"https:\/\/agora.xtec.cat\/escguillemisarn\/wp-json\/wp\/v2\/users\/18"}],"replies":[{"embeddable":true,"href":"https:\/\/agora.xtec.cat\/escguillemisarn\/wp-json\/wp\/v2\/comments?post=1838"}],"version-history":[{"count":1,"href":"https:\/\/agora.xtec.cat\/escguillemisarn\/wp-json\/wp\/v2\/posts\/1838\/revisions"}],"predecessor-version":[{"id":1840,"href":"https:\/\/agora.xtec.cat\/escguillemisarn\/wp-json\/wp\/v2\/posts\/1838\/revisions\/1840"}],"wp:featuredmedia":[{"embeddable":true,"href":"https:\/\/agora.xtec.cat\/escguillemisarn\/wp-json\/wp\/v2\/media\/1673"}],"wp:attachment":[{"href":"https:\/\/agora.xtec.cat\/escguillemisarn\/wp-json\/wp\/v2\/media?parent=1838"}],"wp:term":[{"taxonomy":"category","embeddable":true,"href":"https:\/\/agora.xtec.cat\/escguillemisarn\/wp-json\/wp\/v2\/categories?post=1838"},{"taxonomy":"post_tag","embeddable":true,"href":"https:\/\/agora.xtec.cat\/escguillemisarn\/wp-json\/wp\/v2\/tags?post=1838"}],"curies":[{"name":"wp","href":"https:\/\/api.w.org\/{rel}","templated":true}]}}