{"id":1806,"date":"2021-09-24T10:54:28","date_gmt":"2021-09-24T08:54:28","guid":{"rendered":"https:\/\/agora.xtec.cat\/escguillemisarn\/?p=1806"},"modified":"2021-09-24T10:54:28","modified_gmt":"2021-09-24T08:54:28","slug":"ja-tenim-delegats-verds","status":"publish","type":"post","link":"https:\/\/agora.xtec.cat\/escguillemisarn\/general\/ja-tenim-delegats-verds\/","title":{"rendered":"JA TENIM DELEGATS VERDS"},"content":{"rendered":"<p>&nbsp;<\/p>\n<p>Us recordem que, com\u00a0<strong> Escola Verda<\/strong> que som, cal crear un COMIT\u00c9 AMBIENTAL que tindr\u00e0 aquestes funcions:<\/p>\n<p>&#8211; Plantejar activitats i desenvolupar estrat\u00e8gies dirigides a la sostenibilitat i la millora, conservaci\u00f3 i cura del Medi Ambient.<\/p>\n<p>&#8211; Fer arribar les propostes i decisions plantejades en les reunions a la resta de companys als quals representen.<\/p>\n<p>&#8211; Participar en campanyes i accions que es duguin a terme al municipi, comarca, &#8230;<\/p>\n<p>&#8211; Intentar fer conscients a tots els membres de la nostra Comunitat Educativa sobre la necessitat de millorar l&#8217;\u00fas dels recursos i tindre cura del Medi Ambient.<\/p>\n<p>&#8211; Fer el seguiment i l&#8217;avaluaci\u00f3 de les activitats que es duen a terme dins del projecte d&#8217;Escola Verda.<\/p>\n<p>&nbsp;<\/p>\n<p>El COMIT\u00c9 AMBIENTAL est\u00e0 format per:<\/p>\n<p>&#8211; Un membre de l&#8217;Equip Directiu.<\/p>\n<p>&#8211; Un mestre\/a de cada cicle.<\/p>\n<p>&#8211; Un alumne (delegat verd) escollit a cada classe de prim\u00e0ria.<\/p>\n<p>&#8211; Un representant dels pares\/mares<\/p>\n<p>&#8211; Un representant de l&#8217;Ajuntament.<\/p>\n<p>&#8211; Un representant del personal no docent.<\/p>\n<p>&nbsp;<\/p>\n<p>Ens reunirem EN HORARI DE MIGDIA (de 12&#8217;30 a 13&#8217;30 h.) ,com a m\u00ednim, una vegada per trimestre.<\/p>\n<p>L&#8217;alumnat ja ha escollit els seus delegats verds, s\u00f3n els seg\u00fcents:<\/p>\n<p>&#8211; PRIMER: Mireia Pedr\u00f3s Carbonell<\/p>\n<p>&#8211; SEGON:\u00a0 Saul Belillas Claveria<\/p>\n<p>&#8211; TERCER: Martina Mart\u00ednez Ma\u00f1\u00e1<\/p>\n<p>&#8211; QUART: Daniela Bilillas P\u00e9rez<\/p>\n<p>&#8211; CINQU\u00c8: Gerard Pina i Utg\u00e9s.<\/p>\n<p>&#8211; SIS\u00c8: Eduard Ribalta Krytsov.<\/p>\n<p>&nbsp;<\/p>\n<p><strong>Falta nomenar el representant dels pares\/mares de l&#8217;Escola. Si hi ha alg\u00fa interessat en formar-ne part, es pot posar en contacte amb l&#8217;Escola. Recordem que farem les reunions al migdia i caldria que fos un pare\/mare amb disponibilitat per assistir a les reunions en aquest horari.<\/strong><\/p>\n<p>&nbsp;<\/p>\n<p>Esperem rebre les vostres candidatures i propostes.<\/p>\n<p>&nbsp;<\/p>\n<p>&nbsp;<\/p>\n","protected":false},"excerpt":{"rendered":"<p>&nbsp;<br \/>\nUs recordem que, com\u00a0 Escola Verda que som, cal crear un COMIT\u00c9 AMBIENTAL que tindr\u00e0 aquestes funcions:<br \/>\n&#8211; Plantejar activitats i desenvolupar estrat\u00e8gies dirigides a la sostenibilitat i la millora, conservaci\u00f3 i cura del Medi Ambient.<br \/>\n&#8211; Fer arribar les propostes i decisions plantejades en les reunions&hellip;  <a href=\"https:\/\/agora.xtec.cat\/escguillemisarn\/general\/ja-tenim-delegats-verds\/\" title=\"Read JA TENIM DELEGATS VERDS\">Llegeix m\u00e9s\u00bb<\/a><\/p>\n","protected":false},"author":1,"featured_media":0,"comment_status":"open","ping_status":"closed","sticky":false,"template":"","format":"standard","meta":{"_bbp_topic_count":0,"_bbp_reply_count":0,"_bbp_total_topic_count":0,"_bbp_total_reply_count":0,"_bbp_voice_count":0,"_bbp_anonymous_reply_count":0,"_bbp_topic_count_hidden":0,"_bbp_reply_count_hidden":0,"_bbp_forum_subforum_count":0,"footnotes":""},"categories":[77,1,4],"tags":[],"class_list":["post-1806","post","type-post","status-publish","format-standard","hentry","category-escola-verda","category-general","category-portada"],"post_mailing_queue_ids":[],"_links":{"self":[{"href":"https:\/\/agora.xtec.cat\/escguillemisarn\/wp-json\/wp\/v2\/posts\/1806","targetHints":{"allow":["GET"]}}],"collection":[{"href":"https:\/\/agora.xtec.cat\/escguillemisarn\/wp-json\/wp\/v2\/posts"}],"about":[{"href":"https:\/\/agora.xtec.cat\/escguillemisarn\/wp-json\/wp\/v2\/types\/post"}],"author":[{"embeddable":true,"href":"https:\/\/agora.xtec.cat\/escguillemisarn\/wp-json\/wp\/v2\/users\/1"}],"replies":[{"embeddable":true,"href":"https:\/\/agora.xtec.cat\/escguillemisarn\/wp-json\/wp\/v2\/comments?post=1806"}],"version-history":[{"count":1,"href":"https:\/\/agora.xtec.cat\/escguillemisarn\/wp-json\/wp\/v2\/posts\/1806\/revisions"}],"predecessor-version":[{"id":1807,"href":"https:\/\/agora.xtec.cat\/escguillemisarn\/wp-json\/wp\/v2\/posts\/1806\/revisions\/1807"}],"wp:attachment":[{"href":"https:\/\/agora.xtec.cat\/escguillemisarn\/wp-json\/wp\/v2\/media?parent=1806"}],"wp:term":[{"taxonomy":"category","embeddable":true,"href":"https:\/\/agora.xtec.cat\/escguillemisarn\/wp-json\/wp\/v2\/categories?post=1806"},{"taxonomy":"post_tag","embeddable":true,"href":"https:\/\/agora.xtec.cat\/escguillemisarn\/wp-json\/wp\/v2\/tags?post=1806"}],"curies":[{"name":"wp","href":"https:\/\/api.w.org\/{rel}","templated":true}]}}