{"id":1796,"date":"2021-09-23T13:26:38","date_gmt":"2021-09-23T11:26:38","guid":{"rendered":"https:\/\/agora.xtec.cat\/escguillemisarn\/?p=1796"},"modified":"2021-11-25T13:47:41","modified_gmt":"2021-11-25T12:47:41","slug":"lescola-fa-una-aposta-clara-per-leducacio-fisica","status":"publish","type":"post","link":"https:\/\/agora.xtec.cat\/escguillemisarn\/general\/lescola-fa-una-aposta-clara-per-leducacio-fisica\/","title":{"rendered":"L&#8217;escola fa una aposta clara per l&#8217;Educaci\u00f3 F\u00edsica!"},"content":{"rendered":"<p>\u00c9s ben <a href=\"https:\/\/agora.xtec.cat\/escguillemisarn\/wp-content\/uploads\/usu1631\/2021\/09\/TURU.jpg\"><img loading=\"lazy\" decoding=\"async\" class=\" wp-image-1797 alignleft\" src=\"https:\/\/agora.xtec.cat\/escguillemisarn\/wp-content\/uploads\/usu1631\/2021\/09\/TURU.jpg\" alt=\"\" width=\"298\" height=\"210\" srcset=\"https:\/\/agora.xtec.cat\/escguillemisarn\/wp-content\/uploads\/usu1631\/2021\/09\/TURU.jpg 960w, https:\/\/agora.xtec.cat\/escguillemisarn\/wp-content\/uploads\/usu1631\/2021\/09\/TURU-300x212.jpg 300w, https:\/\/agora.xtec.cat\/escguillemisarn\/wp-content\/uploads\/usu1631\/2021\/09\/TURU-768x542.jpg 768w\" sizes=\"auto, (max-width: 298px) 100vw, 298px\" \/><\/a>sabut i acceptat per hom que l&#8217;ensenyament i l&#8217;aprenentatge de l&#8217;educaci\u00f3 f\u00edsica a prim\u00e0ria fonamenta l&#8217;adquisici\u00f3 dels coneixements, habilitats, valors i compet\u00e8ncies relacionades amb el cos i la seva activitat motriu i contribueix al desenvolupament integral de la persona i a la millora de la qualitat de vida. \u00c9s per aquest motiu que l&#8217;Educaci\u00f3 F\u00edsica \u00e9s una \u00e0rea d&#8217;aprenentatge cabdal en el desenvolupament dels nostres infants. Per tot aix\u00f2, hem adquirit material nou que ens permetr\u00e0 desenvolupar habilitats, capacitats i h\u00e0bits motrius que ajudaran a l&#8217;infant en aquesta etapa de desenvolupament.<\/p>\n<p>Si voleu veure els materials i com hi juguen i aprenen els vostres fills i filles, cliqueu a l&#8217;enlla\u00e7. Per cert, tamb\u00e9 hem aprofitat aquest moment d&#8217;adquisici\u00f3 de material nou per ordenar, reubicar i arreglar alguns dels materials que ja ten\u00edem. Mireu, mireu&#8230;<\/p>\n<p><a href=\"https:\/\/photos.app.goo.gl\/k9Uo8cUymH5bmXxe6\">https:\/\/photos.app.goo.gl\/k9Uo8cUymH5bmXxe6<\/a><\/p>\n<p>&nbsp;<\/p>\n","protected":false},"excerpt":{"rendered":"<p>\u00c9s ben <a href=\"https:\/\/agora.xtec.cat\/escguillemisarn\/wp-content\/uploads\/usu1631\/2021\/09\/TURU.jpg\"><\/a>sabut i acceptat per hom que l&#8217;ensenyament i l&#8217;aprenentatge de l&#8217;educaci\u00f3 f\u00edsica a prim\u00e0ria fonamenta l&#8217;adquisici\u00f3 dels coneixements, habilitats, valors i compet\u00e8ncies relacionades amb el cos i la seva activitat motriu i contribueix al desenvolupament integral de la persona i a la&hellip;  <a href=\"https:\/\/agora.xtec.cat\/escguillemisarn\/general\/lescola-fa-una-aposta-clara-per-leducacio-fisica\/\" title=\"Read L&#8217;escola fa una aposta clara per l&#8217;Educaci\u00f3 F\u00edsica!\">Llegeix m\u00e9s\u00bb<\/a><\/p>\n","protected":false},"author":18,"featured_media":1797,"comment_status":"open","ping_status":"closed","sticky":false,"template":"","format":"standard","meta":{"_bbp_topic_count":0,"_bbp_reply_count":0,"_bbp_total_topic_count":0,"_bbp_total_reply_count":0,"_bbp_voice_count":0,"_bbp_anonymous_reply_count":0,"_bbp_topic_count_hidden":0,"_bbp_reply_count_hidden":0,"_bbp_forum_subforum_count":0,"footnotes":""},"categories":[71,72,73,1,2,4,5],"tags":[],"class_list":["post-1796","post","type-post","status-publish","format-standard","has-post-thumbnail","hentry","category-ci","category-cm","category-cs","category-general","category-infantil","category-portada","category-primaria"],"post_mailing_queue_ids":[],"_links":{"self":[{"href":"https:\/\/agora.xtec.cat\/escguillemisarn\/wp-json\/wp\/v2\/posts\/1796","targetHints":{"allow":["GET"]}}],"collection":[{"href":"https:\/\/agora.xtec.cat\/escguillemisarn\/wp-json\/wp\/v2\/posts"}],"about":[{"href":"https:\/\/agora.xtec.cat\/escguillemisarn\/wp-json\/wp\/v2\/types\/post"}],"author":[{"embeddable":true,"href":"https:\/\/agora.xtec.cat\/escguillemisarn\/wp-json\/wp\/v2\/users\/18"}],"replies":[{"embeddable":true,"href":"https:\/\/agora.xtec.cat\/escguillemisarn\/wp-json\/wp\/v2\/comments?post=1796"}],"version-history":[{"count":1,"href":"https:\/\/agora.xtec.cat\/escguillemisarn\/wp-json\/wp\/v2\/posts\/1796\/revisions"}],"predecessor-version":[{"id":1798,"href":"https:\/\/agora.xtec.cat\/escguillemisarn\/wp-json\/wp\/v2\/posts\/1796\/revisions\/1798"}],"wp:featuredmedia":[{"embeddable":true,"href":"https:\/\/agora.xtec.cat\/escguillemisarn\/wp-json\/wp\/v2\/media\/1797"}],"wp:attachment":[{"href":"https:\/\/agora.xtec.cat\/escguillemisarn\/wp-json\/wp\/v2\/media?parent=1796"}],"wp:term":[{"taxonomy":"category","embeddable":true,"href":"https:\/\/agora.xtec.cat\/escguillemisarn\/wp-json\/wp\/v2\/categories?post=1796"},{"taxonomy":"post_tag","embeddable":true,"href":"https:\/\/agora.xtec.cat\/escguillemisarn\/wp-json\/wp\/v2\/tags?post=1796"}],"curies":[{"name":"wp","href":"https:\/\/api.w.org\/{rel}","templated":true}]}}