{"id":1773,"date":"2021-09-08T13:15:58","date_gmt":"2021-09-08T11:15:58","guid":{"rendered":"https:\/\/agora.xtec.cat\/escguillemisarn\/?p=1773"},"modified":"2021-09-10T09:55:58","modified_gmt":"2021-09-10T07:55:58","slug":"lescola-al-servei-de-lalumne","status":"publish","type":"post","link":"https:\/\/agora.xtec.cat\/escguillemisarn\/general\/lescola-al-servei-de-lalumne\/","title":{"rendered":"L&#8217;escola, al servei de l&#8217;alumnat!"},"content":{"rendered":"<p>Aquest curs que estem a punt d&#8217;estrenar, tamb\u00e9 estrenarem aules!<\/p>\n<p>Iniciem una nova forma d&#8217;organitzar-nos i per aquest motiu necessitem espai. L&#8217;edifici escolar de la nostra escola \u00e9s un goig i gr\u00e0cies a ell podem endegar els nostres AGRUPAMENTS SINGULARS!<\/p>\n<p>Si voleu veure les aules que utilitzarem aqu\u00ed us deixem l&#8217;enlla\u00e7 per comen\u00e7ar a fer un tastet!<\/p>\n<p><a href=\"https:\/\/photos.app.goo.gl\/KCDUTWxp5zYyjBxA6\">https:\/\/photos.app.goo.gl\/KCDUTWxp5zYyjBxA6<\/a><\/p>\n<p>I si voleu saber el que s\u00f3n aqu\u00ed us deixem aquesta infografia per informar-vos de com ens organitzarem:<\/p>\n<p style=\"margin: 12px auto 6px auto; font-family: Helvetica,Arial,Sans-serif; font-style: normal; font-variant: normal; font-weight: normal; font-size: 14px; line-height: normal; font-size-adjust: none; font-stretch: normal; -x-system-font: none; display: block;\"><a style=\"text-decoration: underline;\" title=\"View Inforgrafia Agrupaments Singulars on Scribd\" href=\"https:\/\/www.scribd.com\/document\/523861030\/Inforgrafia-Agrupaments-Singulars#from_embed\">Inforgrafia Agrupaments Singulars<\/a> by <a style=\"text-decoration: underline;\" title=\"View Escola Guillem Isarn's profile on Scribd\" href=\"https:\/\/www.scribd.com\/user\/486678574\/Escola-Guillem-Isarn#from_embed\">Escola Guillem Isarn<\/a> on Scribd<\/p>\n<p><iframe loading=\"lazy\" id=\"doc_30494\" class=\"scribd_iframe_embed\" title=\"Inforgrafia Agrupaments Singulars\" src=\"https:\/\/www.scribd.com\/embeds\/523861030\/content?start_page=1&amp;view_mode=scroll&amp;access_key=key-mh7IS4hD7dLFQoCMm4mw\" width=\"100%\" height=\"600\" frameborder=\"0\" scrolling=\"no\" data-auto-height=\"false\" data-aspect-ratio=\"0.7066666666666667\"><\/iframe><\/p>\n<p>Agrair la gran tasca organitzativa, compromesa i d&#8217;implicaci\u00f3 de tot el claustre docent que ha fet possible aquest canvi d&#8217;aspecte de la nostra escola. Esperem que serveixi per millorar, encara m\u00e9s, els processos d&#8217;ensenyament-aprenentatge de tot el nostre alumnat.<\/p>\n<p>Benvingut <strong>F U T U R !<\/strong><\/p>\n<p>&nbsp;<\/p>\n","protected":false},"excerpt":{"rendered":"<p>Aquest curs que estem a punt d&#8217;estrenar, tamb\u00e9 estrenarem aules!<br \/>\nIniciem una nova forma d&#8217;organitzar-nos i per aquest motiu necessitem espai. L&#8217;edifici escolar de la nostra escola \u00e9s un goig i gr\u00e0cies a ell podem endegar els nostres AGRUPAMENTS SINGULARS!<br \/>\nSi voleu veure les aules que utilitzarem&hellip;  <a href=\"https:\/\/agora.xtec.cat\/escguillemisarn\/general\/lescola-al-servei-de-lalumne\/\" title=\"Read L&#8217;escola, al servei de l&#8217;alumnat!\">Llegeix m\u00e9s\u00bb<\/a><\/p>\n","protected":false},"author":18,"featured_media":0,"comment_status":"open","ping_status":"closed","sticky":false,"template":"","format":"standard","meta":{"_bbp_topic_count":0,"_bbp_reply_count":0,"_bbp_total_topic_count":0,"_bbp_total_reply_count":0,"_bbp_voice_count":0,"_bbp_anonymous_reply_count":0,"_bbp_topic_count_hidden":0,"_bbp_reply_count_hidden":0,"_bbp_forum_subforum_count":0,"footnotes":""},"categories":[71,72,73,1,2,4,5],"tags":[],"class_list":["post-1773","post","type-post","status-publish","format-standard","hentry","category-ci","category-cm","category-cs","category-general","category-infantil","category-portada","category-primaria"],"post_mailing_queue_ids":[],"_links":{"self":[{"href":"https:\/\/agora.xtec.cat\/escguillemisarn\/wp-json\/wp\/v2\/posts\/1773","targetHints":{"allow":["GET"]}}],"collection":[{"href":"https:\/\/agora.xtec.cat\/escguillemisarn\/wp-json\/wp\/v2\/posts"}],"about":[{"href":"https:\/\/agora.xtec.cat\/escguillemisarn\/wp-json\/wp\/v2\/types\/post"}],"author":[{"embeddable":true,"href":"https:\/\/agora.xtec.cat\/escguillemisarn\/wp-json\/wp\/v2\/users\/18"}],"replies":[{"embeddable":true,"href":"https:\/\/agora.xtec.cat\/escguillemisarn\/wp-json\/wp\/v2\/comments?post=1773"}],"version-history":[{"count":3,"href":"https:\/\/agora.xtec.cat\/escguillemisarn\/wp-json\/wp\/v2\/posts\/1773\/revisions"}],"predecessor-version":[{"id":1777,"href":"https:\/\/agora.xtec.cat\/escguillemisarn\/wp-json\/wp\/v2\/posts\/1773\/revisions\/1777"}],"wp:attachment":[{"href":"https:\/\/agora.xtec.cat\/escguillemisarn\/wp-json\/wp\/v2\/media?parent=1773"}],"wp:term":[{"taxonomy":"category","embeddable":true,"href":"https:\/\/agora.xtec.cat\/escguillemisarn\/wp-json\/wp\/v2\/categories?post=1773"},{"taxonomy":"post_tag","embeddable":true,"href":"https:\/\/agora.xtec.cat\/escguillemisarn\/wp-json\/wp\/v2\/tags?post=1773"}],"curies":[{"name":"wp","href":"https:\/\/api.w.org\/{rel}","templated":true}]}}