{"id":1754,"date":"2021-06-25T10:29:59","date_gmt":"2021-06-25T08:29:59","guid":{"rendered":"https:\/\/agora.xtec.cat\/escguillemisarn\/?p=1754"},"modified":"2021-09-13T21:10:03","modified_gmt":"2021-09-13T19:10:03","slug":"pla-dobertura-de-centre-curs-2021-2022","status":"publish","type":"post","link":"https:\/\/agora.xtec.cat\/escguillemisarn\/general\/pla-dobertura-de-centre-curs-2021-2022\/","title":{"rendered":"PLA D&#8217;OBERTURA DE CENTRE curs 2021 &#8211; 2022"},"content":{"rendered":"<p>H O L A !<\/p>\n<p>Us presentem el Pla d&#8217;Obertura del Centre del curs 2021 &#8211; 2022. El proper dia 13 de setembre \u00e9s el gran dia. Tornem a l&#8217;escola despr\u00e9s de les vacances d&#8217;estiu. L&#8217;equip de mestres ho hem preparat tot perqu\u00e8 sigui un curs ple d&#8217;emocions i bons aprenentatges. Us hem preparat alguna sorpresa en forma d&#8217;innovaci\u00f3! Benvingut <strong>F U T U R !<\/strong><\/p>\n<p style=\"margin: 12px auto 6px auto; font-family: Helvetica,Arial,Sans-serif; font-style: normal; font-variant: normal; font-weight: normal; font-size: 14px; line-height: normal; font-size-adjust: none; font-stretch: normal; -x-system-font: none; display: block;\"><a style=\"text-decoration: underline;\" title=\"View Pla Obertura 21-22 on Scribd\" href=\"https:\/\/www.scribd.com\/document\/523002507\/Pla-Obertura-21-22#from_embed\">Pla Obertura 21-22<\/a> by <a style=\"text-decoration: underline;\" title=\"View Escola Guillem Isarn's profile on Scribd\" href=\"https:\/\/www.scribd.com\/user\/486678574\/Escola-Guillem-Isarn#from_embed\">Escola Guillem Isarn<\/a> on Scribd<\/p>\n<p><iframe loading=\"lazy\" id=\"doc_80352\" class=\"scribd_iframe_embed\" title=\"Pla Obertura 21-22\" src=\"https:\/\/www.scribd.com\/embeds\/523002507\/content?start_page=1&amp;view_mode=scroll&amp;access_key=key-HeDP1OOMibBG6PjsVWLL\" width=\"100%\" height=\"600\" frameborder=\"0\" scrolling=\"no\" data-auto-height=\"false\" data-aspect-ratio=\"0.7068965517241379\"><\/iframe><\/p>\n","protected":false},"excerpt":{"rendered":"<p>H O L A !<br \/>\nUs presentem el Pla d&#8217;Obertura del Centre del curs 2021 &#8211; 2022. El proper dia 13 de setembre \u00e9s el gran dia. Tornem a l&#8217;escola despr\u00e9s de les vacances d&#8217;estiu. L&#8217;equip de mestres ho hem preparat tot perqu\u00e8 sigui un curs&hellip;  <a href=\"https:\/\/agora.xtec.cat\/escguillemisarn\/general\/pla-dobertura-de-centre-curs-2021-2022\/\" title=\"Read PLA D&#8217;OBERTURA DE CENTRE curs 2021 &#8211; 2022\">Llegeix m\u00e9s\u00bb<\/a><\/p>\n","protected":false},"author":18,"featured_media":0,"comment_status":"open","ping_status":"closed","sticky":false,"template":"","format":"standard","meta":{"_bbp_topic_count":0,"_bbp_reply_count":0,"_bbp_total_topic_count":0,"_bbp_total_reply_count":0,"_bbp_voice_count":0,"_bbp_anonymous_reply_count":0,"_bbp_topic_count_hidden":0,"_bbp_reply_count_hidden":0,"_bbp_forum_subforum_count":0,"footnotes":""},"categories":[1,4],"tags":[],"class_list":["post-1754","post","type-post","status-publish","format-standard","hentry","category-general","category-portada"],"post_mailing_queue_ids":[],"_links":{"self":[{"href":"https:\/\/agora.xtec.cat\/escguillemisarn\/wp-json\/wp\/v2\/posts\/1754","targetHints":{"allow":["GET"]}}],"collection":[{"href":"https:\/\/agora.xtec.cat\/escguillemisarn\/wp-json\/wp\/v2\/posts"}],"about":[{"href":"https:\/\/agora.xtec.cat\/escguillemisarn\/wp-json\/wp\/v2\/types\/post"}],"author":[{"embeddable":true,"href":"https:\/\/agora.xtec.cat\/escguillemisarn\/wp-json\/wp\/v2\/users\/18"}],"replies":[{"embeddable":true,"href":"https:\/\/agora.xtec.cat\/escguillemisarn\/wp-json\/wp\/v2\/comments?post=1754"}],"version-history":[{"count":4,"href":"https:\/\/agora.xtec.cat\/escguillemisarn\/wp-json\/wp\/v2\/posts\/1754\/revisions"}],"predecessor-version":[{"id":1772,"href":"https:\/\/agora.xtec.cat\/escguillemisarn\/wp-json\/wp\/v2\/posts\/1754\/revisions\/1772"}],"wp:attachment":[{"href":"https:\/\/agora.xtec.cat\/escguillemisarn\/wp-json\/wp\/v2\/media?parent=1754"}],"wp:term":[{"taxonomy":"category","embeddable":true,"href":"https:\/\/agora.xtec.cat\/escguillemisarn\/wp-json\/wp\/v2\/categories?post=1754"},{"taxonomy":"post_tag","embeddable":true,"href":"https:\/\/agora.xtec.cat\/escguillemisarn\/wp-json\/wp\/v2\/tags?post=1754"}],"curies":[{"name":"wp","href":"https:\/\/api.w.org\/{rel}","templated":true}]}}