{"id":1728,"date":"2021-06-04T11:53:20","date_gmt":"2021-06-04T09:53:20","guid":{"rendered":"https:\/\/agora.xtec.cat\/escguillemisarn\/?p=1728"},"modified":"2021-06-04T11:53:20","modified_gmt":"2021-06-04T09:53:20","slug":"africa-a-lescola-guillem-isarn","status":"publish","type":"post","link":"https:\/\/agora.xtec.cat\/escguillemisarn\/infantil\/africa-a-lescola-guillem-isarn\/","title":{"rendered":"\u00c0FRICA A L&#8217;ESCOLA GUILLEM ISARN"},"content":{"rendered":"<p>L\u2019Escola Guillem Isarn, un any m\u00e9s ha volgut recordar el continent afric\u00e0, coincidint amb el 25 de maig, DIA D\u2019\u00c0FRICA.<\/p>\n<p>Per celebrar aquesta setmana, s\u2019ha programat una recollida solid\u00e0ria per una escola del Senegal, de llapis i colors de fusta i una exposici\u00f3 de fotografies sobre el treball que duen a terme les ONG al continent.<\/p>\n<p>Amb els diferents grups s\u2019ha reflexionat sobre el continent afric\u00e0, fent una pluja d\u2019idees. Entre els coneixements que tenen els nostre alumnat, \u00e9s que \u00e9s un continent divers, amb molts pa\u00efsos i moltes lleng\u00fces. Que hi ha pobresa i guerra, que tenen escoles i que els hi falten encara m\u00e9s escoles. Que per anar a l\u2019escola hi ha infants que han de caminar, i fins i tot hores. Que els hi falten metges i hospitals. Hem arribat a la conclusi\u00f3 que tenen una literatura molt rica. Que les persones s\u00f3n molt sociables. Que \u00e9s un continent amb una gran riquesa natural, &#8230;<\/p>\n<p>Tamb\u00e9 per explicar-nos sobre el treball de les ONDd, ens ha visitat la To\u00f1i, que treballa amb la ONG Renken i que recullen materials per dur al Senegal. Ens ha presentat les escoles on col\u00b7laboren i la seva feina, des de la botiga que tenen a Mollerussa, \u201cEl raconet\u201d, on recullen material escolar, roba&#8230; per enviar al Senegal.<\/p>\n<p>Aquest curs s\u2019ha potenciat la literatura africana i s\u2019ha llegit un conte del Txad, anomenat \u201cEls rius tristos\u201d, on s\u2019ha fet una lectura, s\u2019ha comentat la import\u00e0ncia de tenir els rius nets, la natura cuidada i el paper important de les dones en la conservaci\u00f3 de l\u2019aigua i la natura. S\u2019ha acabat l\u2019activitat amb un dibuix sobre el conte.<\/p>\n<p>Moltes gr\u00e0cies a tots els infants i fam\u00edlies que han col\u00b7laborat amb la recollida solid\u00e0ria de material per una escola del Senegal.<\/p>\n<p>Us deixem una imatge de la xerrada de la To\u00f1i, del Raconet de Mollerussa sobre el seu treball al Senegal. Moltes gr\u00e0cies per la visita i la seva explicaci\u00f3.<\/p>\n<p><a href=\"https:\/\/agora.xtec.cat\/escguillemisarn\/wp-content\/uploads\/usu1631\/2021\/06\/BLOGIMG_20210524_114037.jpg\"><img loading=\"lazy\" decoding=\"async\" class=\"alignnone size-large wp-image-1729\" src=\"https:\/\/agora.xtec.cat\/escguillemisarn\/wp-content\/uploads\/usu1631\/2021\/06\/BLOGIMG_20210524_114037-1024x492.jpg\" alt=\"\" width=\"1024\" height=\"492\" srcset=\"https:\/\/agora.xtec.cat\/escguillemisarn\/wp-content\/uploads\/usu1631\/2021\/06\/BLOGIMG_20210524_114037-1024x492.jpg 1024w, https:\/\/agora.xtec.cat\/escguillemisarn\/wp-content\/uploads\/usu1631\/2021\/06\/BLOGIMG_20210524_114037-300x144.jpg 300w, https:\/\/agora.xtec.cat\/escguillemisarn\/wp-content\/uploads\/usu1631\/2021\/06\/BLOGIMG_20210524_114037-768x369.jpg 768w, https:\/\/agora.xtec.cat\/escguillemisarn\/wp-content\/uploads\/usu1631\/2021\/06\/BLOGIMG_20210524_114037.jpg 2000w\" sizes=\"auto, (max-width: 1024px) 100vw, 1024px\" \/><\/a><\/p>\n","protected":false},"excerpt":{"rendered":"<p>L\u2019Escola Guillem Isarn, un any m\u00e9s ha volgut recordar el continent afric\u00e0, coincidint amb el 25 de maig, DIA D\u2019\u00c0FRICA.<br \/>\nPer celebrar aquesta setmana, s\u2019ha programat una recollida solid\u00e0ria per una escola del Senegal, de llapis i colors de fusta i una exposici\u00f3 de fotografies sobre&hellip;  <a href=\"https:\/\/agora.xtec.cat\/escguillemisarn\/infantil\/africa-a-lescola-guillem-isarn\/\" title=\"Read \u00c0FRICA A L&#8217;ESCOLA GUILLEM ISARN\">Llegeix m\u00e9s\u00bb<\/a><\/p>\n","protected":false},"author":1,"featured_media":1673,"comment_status":"open","ping_status":"closed","sticky":false,"template":"","format":"standard","meta":{"_bbp_topic_count":0,"_bbp_reply_count":0,"_bbp_total_topic_count":0,"_bbp_total_reply_count":0,"_bbp_voice_count":0,"_bbp_anonymous_reply_count":0,"_bbp_topic_count_hidden":0,"_bbp_reply_count_hidden":0,"_bbp_forum_subforum_count":0,"footnotes":""},"categories":[71,72,73,2,5],"tags":[],"class_list":["post-1728","post","type-post","status-publish","format-standard","has-post-thumbnail","hentry","category-ci","category-cm","category-cs","category-infantil","category-primaria"],"post_mailing_queue_ids":[],"_links":{"self":[{"href":"https:\/\/agora.xtec.cat\/escguillemisarn\/wp-json\/wp\/v2\/posts\/1728","targetHints":{"allow":["GET"]}}],"collection":[{"href":"https:\/\/agora.xtec.cat\/escguillemisarn\/wp-json\/wp\/v2\/posts"}],"about":[{"href":"https:\/\/agora.xtec.cat\/escguillemisarn\/wp-json\/wp\/v2\/types\/post"}],"author":[{"embeddable":true,"href":"https:\/\/agora.xtec.cat\/escguillemisarn\/wp-json\/wp\/v2\/users\/1"}],"replies":[{"embeddable":true,"href":"https:\/\/agora.xtec.cat\/escguillemisarn\/wp-json\/wp\/v2\/comments?post=1728"}],"version-history":[{"count":1,"href":"https:\/\/agora.xtec.cat\/escguillemisarn\/wp-json\/wp\/v2\/posts\/1728\/revisions"}],"predecessor-version":[{"id":1730,"href":"https:\/\/agora.xtec.cat\/escguillemisarn\/wp-json\/wp\/v2\/posts\/1728\/revisions\/1730"}],"wp:featuredmedia":[{"embeddable":true,"href":"https:\/\/agora.xtec.cat\/escguillemisarn\/wp-json\/wp\/v2\/media\/1673"}],"wp:attachment":[{"href":"https:\/\/agora.xtec.cat\/escguillemisarn\/wp-json\/wp\/v2\/media?parent=1728"}],"wp:term":[{"taxonomy":"category","embeddable":true,"href":"https:\/\/agora.xtec.cat\/escguillemisarn\/wp-json\/wp\/v2\/categories?post=1728"},{"taxonomy":"post_tag","embeddable":true,"href":"https:\/\/agora.xtec.cat\/escguillemisarn\/wp-json\/wp\/v2\/tags?post=1728"}],"curies":[{"name":"wp","href":"https:\/\/api.w.org\/{rel}","templated":true}]}}