{"id":1720,"date":"2021-06-04T09:32:28","date_gmt":"2021-06-04T07:32:28","guid":{"rendered":"https:\/\/agora.xtec.cat\/escguillemisarn\/?p=1720"},"modified":"2021-06-04T09:32:35","modified_gmt":"2021-06-04T07:32:35","slug":"raco-del-protagonista-cicle-inicial","status":"publish","type":"post","link":"https:\/\/agora.xtec.cat\/escguillemisarn\/general\/raco-del-protagonista-cicle-inicial\/","title":{"rendered":"Rac\u00f3 del protagonista cicle inicial"},"content":{"rendered":"<p>&nbsp;<\/p>\n<p>Dins el projecte de ciutadania, aquest dimecres, els i les alumnes de cicle inicial, hem realitzat el rac\u00f3 del protagonista, fent dues visites molt especials per tal de con\u00e8ixer millor l&#8217;ofici de pag\u00e8s i de granger.<\/p>\n<p>Primer hem anat\u00a0 a visitar l&#8217;Esteve, el pare del Robert. Ens ha ensenyat el seu camp de perers, un tractor i una m\u00e0quina molt especial per recollir la fruita. Despr\u00e9s hem anat a veure el tros del Nicanor, el padr\u00ed de l&#8217;Elna i ens ha explicat com \u00e9s la vida de pag\u00e8s i que hi t\u00e9 plantat en el seu terreny. Tamb\u00e9 ens va explicar que havia estat granger.<\/p>\n<p>Molt\u00edssimes gr\u00e0cies\u00a0 a tots dos pel vostre temps. Amb l&#8217;entrevista que us hem fet, hem apr\u00e8s moltes coses!!!!<\/p>\n<p>&nbsp;<\/p>\n<p><a href=\"https:\/\/agora.xtec.cat\/escguillemisarn\/wp-content\/uploads\/usu1631\/2021\/06\/ilustracion-personaje-dibujos-animados-aislado-grande-ninos-lindos-que-cultivan-huerto-jardin-fuera-casa-ilustracion-plana_1150-37568.jpg\">C<\/a>liqueu aquest enlla\u00e7 per veure les fotos.<br \/>\n<a href=\"https:\/\/photos.app.goo.gl\/ijz2G1v9JAW6DXSz5\">https:\/\/photos.app.goo.gl\/ijz2G1v9JAW6DXSz5<\/a><\/p>\n<p>&nbsp;<\/p>\n","protected":false},"excerpt":{"rendered":"<p>&nbsp;<br \/>\nDins el projecte de ciutadania, aquest dimecres, els i les alumnes de cicle inicial, hem realitzat el rac\u00f3 del protagonista, fent dues visites molt especials per tal de con\u00e8ixer millor l&#8217;ofici de pag\u00e8s i de granger.<br \/>\nPrimer hem anat\u00a0 a visitar l&#8217;Esteve, el pare del Robert.&hellip;  <a href=\"https:\/\/agora.xtec.cat\/escguillemisarn\/general\/raco-del-protagonista-cicle-inicial\/\" title=\"Read Rac\u00f3 del protagonista cicle inicial\">Llegeix m\u00e9s\u00bb<\/a><\/p>\n","protected":false},"author":13,"featured_media":0,"comment_status":"open","ping_status":"closed","sticky":false,"template":"","format":"standard","meta":{"_bbp_topic_count":0,"_bbp_reply_count":0,"_bbp_total_topic_count":0,"_bbp_total_reply_count":0,"_bbp_voice_count":0,"_bbp_anonymous_reply_count":0,"_bbp_topic_count_hidden":0,"_bbp_reply_count_hidden":0,"_bbp_forum_subforum_count":0,"footnotes":""},"categories":[1],"tags":[],"class_list":["post-1720","post","type-post","status-publish","format-standard","hentry","category-general"],"post_mailing_queue_ids":[],"_links":{"self":[{"href":"https:\/\/agora.xtec.cat\/escguillemisarn\/wp-json\/wp\/v2\/posts\/1720","targetHints":{"allow":["GET"]}}],"collection":[{"href":"https:\/\/agora.xtec.cat\/escguillemisarn\/wp-json\/wp\/v2\/posts"}],"about":[{"href":"https:\/\/agora.xtec.cat\/escguillemisarn\/wp-json\/wp\/v2\/types\/post"}],"author":[{"embeddable":true,"href":"https:\/\/agora.xtec.cat\/escguillemisarn\/wp-json\/wp\/v2\/users\/13"}],"replies":[{"embeddable":true,"href":"https:\/\/agora.xtec.cat\/escguillemisarn\/wp-json\/wp\/v2\/comments?post=1720"}],"version-history":[{"count":4,"href":"https:\/\/agora.xtec.cat\/escguillemisarn\/wp-json\/wp\/v2\/posts\/1720\/revisions"}],"predecessor-version":[{"id":1727,"href":"https:\/\/agora.xtec.cat\/escguillemisarn\/wp-json\/wp\/v2\/posts\/1720\/revisions\/1727"}],"wp:attachment":[{"href":"https:\/\/agora.xtec.cat\/escguillemisarn\/wp-json\/wp\/v2\/media?parent=1720"}],"wp:term":[{"taxonomy":"category","embeddable":true,"href":"https:\/\/agora.xtec.cat\/escguillemisarn\/wp-json\/wp\/v2\/categories?post=1720"},{"taxonomy":"post_tag","embeddable":true,"href":"https:\/\/agora.xtec.cat\/escguillemisarn\/wp-json\/wp\/v2\/tags?post=1720"}],"curies":[{"name":"wp","href":"https:\/\/api.w.org\/{rel}","templated":true}]}}