{"id":1713,"date":"2021-05-31T12:56:47","date_gmt":"2021-05-31T10:56:47","guid":{"rendered":"https:\/\/agora.xtec.cat\/escguillemisarn\/?p=1713"},"modified":"2021-05-31T12:58:55","modified_gmt":"2021-05-31T10:58:55","slug":"el-protagonista-a-sise","status":"publish","type":"post","link":"https:\/\/agora.xtec.cat\/escguillemisarn\/general\/el-protagonista-a-sise\/","title":{"rendered":"EL PROTAGONISTA A SIS\u00c8"},"content":{"rendered":"<p>Els alumnes de sis\u00e8 acaben el curs presentant la seva afici\u00f3, el seu esport preferit, la seva cultura&#8230; \u00c9s una activitat per fomentar l&#8217;\u00e0mbit de comunicaci\u00f3 oral en el nostre alumnat dins l&#8217;\u00e0rea de llengua catalana, l&#8217;alumnat prepara unes exposicions orals amb el suport power point.<\/p>\n<ul>\n<li>El Tristan i el Joel han explicat el b\u00e0squet.<\/li>\n<li>La Lourdes i la Sina\u00ed han explicat la cultura gitana.<\/li>\n<li>La Betty i l&#8217;Ariadna han explicat les manualitats.<\/li>\n<li>La Blau ha explicat la nataci\u00f3.<\/li>\n<li>L&#8217;Imad, l&#8217;Ian i l&#8217;Alex han explicat el futbol.<\/li>\n<li>L&#8217;Aitor ha explicat el motocross.<\/li>\n<li>El Wasim ha explicat el karate.<\/li>\n<li>El Roger ha explicat el ciclisme.<\/li>\n<\/ul>\n<p>Ho han fet molt b\u00e9, aqu\u00ed us deixem algunes fotografies!<\/p>\n<p><a href=\"https:\/\/photos.app.goo.gl\/ZqiNAUgtmskfbFuZ6\">https:\/\/photos.app.goo.gl\/ZqiNAUgtmskfbFuZ6<\/a><\/p>\n","protected":false},"excerpt":{"rendered":"<p>Els alumnes de sis\u00e8 acaben el curs presentant la seva afici\u00f3, el seu esport preferit, la seva cultura&#8230; \u00c9s una activitat per fomentar l&#8217;\u00e0mbit de comunicaci\u00f3 oral en el nostre alumnat dins l&#8217;\u00e0rea de llengua catalana, l&#8217;alumnat prepara unes exposicions orals amb el suport power&hellip;  <a href=\"https:\/\/agora.xtec.cat\/escguillemisarn\/general\/el-protagonista-a-sise\/\" title=\"Read EL PROTAGONISTA A SIS\u00c8\">Llegeix m\u00e9s\u00bb<\/a><\/p>\n","protected":false},"author":1,"featured_media":1715,"comment_status":"open","ping_status":"closed","sticky":false,"template":"","format":"standard","meta":{"_bbp_topic_count":0,"_bbp_reply_count":0,"_bbp_total_topic_count":0,"_bbp_total_reply_count":0,"_bbp_voice_count":0,"_bbp_anonymous_reply_count":0,"_bbp_topic_count_hidden":0,"_bbp_reply_count_hidden":0,"_bbp_forum_subforum_count":0,"footnotes":""},"categories":[73,1,4,5],"tags":[],"class_list":["post-1713","post","type-post","status-publish","format-standard","has-post-thumbnail","hentry","category-cs","category-general","category-portada","category-primaria"],"post_mailing_queue_ids":[],"_links":{"self":[{"href":"https:\/\/agora.xtec.cat\/escguillemisarn\/wp-json\/wp\/v2\/posts\/1713","targetHints":{"allow":["GET"]}}],"collection":[{"href":"https:\/\/agora.xtec.cat\/escguillemisarn\/wp-json\/wp\/v2\/posts"}],"about":[{"href":"https:\/\/agora.xtec.cat\/escguillemisarn\/wp-json\/wp\/v2\/types\/post"}],"author":[{"embeddable":true,"href":"https:\/\/agora.xtec.cat\/escguillemisarn\/wp-json\/wp\/v2\/users\/1"}],"replies":[{"embeddable":true,"href":"https:\/\/agora.xtec.cat\/escguillemisarn\/wp-json\/wp\/v2\/comments?post=1713"}],"version-history":[{"count":1,"href":"https:\/\/agora.xtec.cat\/escguillemisarn\/wp-json\/wp\/v2\/posts\/1713\/revisions"}],"predecessor-version":[{"id":1714,"href":"https:\/\/agora.xtec.cat\/escguillemisarn\/wp-json\/wp\/v2\/posts\/1713\/revisions\/1714"}],"wp:featuredmedia":[{"embeddable":true,"href":"https:\/\/agora.xtec.cat\/escguillemisarn\/wp-json\/wp\/v2\/media\/1715"}],"wp:attachment":[{"href":"https:\/\/agora.xtec.cat\/escguillemisarn\/wp-json\/wp\/v2\/media?parent=1713"}],"wp:term":[{"taxonomy":"category","embeddable":true,"href":"https:\/\/agora.xtec.cat\/escguillemisarn\/wp-json\/wp\/v2\/categories?post=1713"},{"taxonomy":"post_tag","embeddable":true,"href":"https:\/\/agora.xtec.cat\/escguillemisarn\/wp-json\/wp\/v2\/tags?post=1713"}],"curies":[{"name":"wp","href":"https:\/\/api.w.org\/{rel}","templated":true}]}}