{"id":1708,"date":"2021-05-31T10:56:05","date_gmt":"2021-05-31T08:56:05","guid":{"rendered":"https:\/\/agora.xtec.cat\/escguillemisarn\/?p=1708"},"modified":"2021-06-02T10:24:08","modified_gmt":"2021-06-02T08:24:08","slug":"lexcursio-de-final-de-curs-un-aprenentatge-significatiu","status":"publish","type":"post","link":"https:\/\/agora.xtec.cat\/escguillemisarn\/general\/lexcursio-de-final-de-curs-un-aprenentatge-significatiu\/","title":{"rendered":"L&#8217;excursi\u00f3 de final de curs, un aprenentatge significatiu!"},"content":{"rendered":"<p><a href=\"https:\/\/agora.xtec.cat\/escguillemisarn\/wp-content\/uploads\/usu1631\/2021\/05\/baixa.jpg\"><img loading=\"lazy\" decoding=\"async\" class=\"size-full wp-image-1709 alignleft\" src=\"https:\/\/agora.xtec.cat\/escguillemisarn\/wp-content\/uploads\/usu1631\/2021\/05\/baixa.jpg\" alt=\"\" width=\"266\" height=\"189\" \/><\/a>El passat divendres vam anar d&#8217;excursi\u00f3! Feia molts dies que no hi an\u00e0vem degut a la pand\u00e8mia i ja ten\u00edem ganes d&#8217;agafar l&#8217;autocar per despla\u00e7ar-nos a Mollerussa, Agramunt i Penelles.<\/p>\n<p>Als tres llocs vam aprendre coses molt interessants i vam poder viure-ho en primera persona. A Mollerussa, entre altres coses, vam aprendre la import\u00e0ncia de l&#8217;aigua, a Agramunt vam visitar l&#8217;Espai Guinovart, el refugi antiaeri de la malaurada Guerra Civil i la fa\u00e7ana rom\u00e0nica de l&#8217;esgl\u00e8sia. I finalment a Penelles vam observar els murals del Gar-Gar, s\u00f3n impressionants.<\/p>\n<p>Si voleu veure les fotos, aqu\u00ed us les deixem:<\/p>\n<p>INFANTIL:\u00a0<a href=\"https:\/\/photos.app.goo.gl\/RutTycGfrRkWkZRy5\">https:\/\/photos.app.goo.gl\/RutTycGfrRkWkZRy5<\/a><\/p>\n<p>CICLE INICIAL: <a href=\"https:\/\/photos.app.goo.gl\/S64JebrfVY96gEQ2A\">https:\/\/photos.app.goo.gl\/S64JebrfVY96gEQ2A<\/a><\/p>\n<p>CICLE MITJ\u00c0: <a href=\"https:\/\/drive.google.com\/drive\/folders\/1cwma6fUKBSbqFIqWLDRyhqs_p7a-CIt1?usp=sharing\">https:\/\/drive.google.com\/drive\/folders\/1cwma6fUKBSbqFIqWLDRyhqs_p7a-CIt1?usp=sharing<\/a><\/p>\n<p>CICLE SUPERIOR: <a href=\"https:\/\/photos.app.goo.gl\/WnaaVVqo9F6hGfBCA\">https:\/\/photos.app.goo.gl\/WnaaVVqo9F6hGfBCA<\/a><\/p>\n","protected":false},"excerpt":{"rendered":"<p><a href=\"https:\/\/agora.xtec.cat\/escguillemisarn\/wp-content\/uploads\/usu1631\/2021\/05\/baixa.jpg\"><\/a>El passat divendres vam anar d&#8217;excursi\u00f3! Feia molts dies que no hi an\u00e0vem degut a la pand\u00e8mia i ja ten\u00edem ganes d&#8217;agafar l&#8217;autocar per despla\u00e7ar-nos a Mollerussa, Agramunt i Penelles.<br \/>\nAls tres llocs vam aprendre coses molt interessants i vam poder viure-ho en primera persona.&hellip;  <a href=\"https:\/\/agora.xtec.cat\/escguillemisarn\/general\/lexcursio-de-final-de-curs-un-aprenentatge-significatiu\/\" title=\"Read L&#8217;excursi\u00f3 de final de curs, un aprenentatge significatiu!\">Llegeix m\u00e9s\u00bb<\/a><\/p>\n","protected":false},"author":18,"featured_media":1673,"comment_status":"open","ping_status":"closed","sticky":false,"template":"","format":"standard","meta":{"_bbp_topic_count":0,"_bbp_reply_count":0,"_bbp_total_topic_count":0,"_bbp_total_reply_count":0,"_bbp_voice_count":0,"_bbp_anonymous_reply_count":0,"_bbp_topic_count_hidden":0,"_bbp_reply_count_hidden":0,"_bbp_forum_subforum_count":0,"footnotes":""},"categories":[1,4],"tags":[],"class_list":["post-1708","post","type-post","status-publish","format-standard","has-post-thumbnail","hentry","category-general","category-portada"],"post_mailing_queue_ids":[],"_links":{"self":[{"href":"https:\/\/agora.xtec.cat\/escguillemisarn\/wp-json\/wp\/v2\/posts\/1708","targetHints":{"allow":["GET"]}}],"collection":[{"href":"https:\/\/agora.xtec.cat\/escguillemisarn\/wp-json\/wp\/v2\/posts"}],"about":[{"href":"https:\/\/agora.xtec.cat\/escguillemisarn\/wp-json\/wp\/v2\/types\/post"}],"author":[{"embeddable":true,"href":"https:\/\/agora.xtec.cat\/escguillemisarn\/wp-json\/wp\/v2\/users\/18"}],"replies":[{"embeddable":true,"href":"https:\/\/agora.xtec.cat\/escguillemisarn\/wp-json\/wp\/v2\/comments?post=1708"}],"version-history":[{"count":3,"href":"https:\/\/agora.xtec.cat\/escguillemisarn\/wp-json\/wp\/v2\/posts\/1708\/revisions"}],"predecessor-version":[{"id":1719,"href":"https:\/\/agora.xtec.cat\/escguillemisarn\/wp-json\/wp\/v2\/posts\/1708\/revisions\/1719"}],"wp:featuredmedia":[{"embeddable":true,"href":"https:\/\/agora.xtec.cat\/escguillemisarn\/wp-json\/wp\/v2\/media\/1673"}],"wp:attachment":[{"href":"https:\/\/agora.xtec.cat\/escguillemisarn\/wp-json\/wp\/v2\/media?parent=1708"}],"wp:term":[{"taxonomy":"category","embeddable":true,"href":"https:\/\/agora.xtec.cat\/escguillemisarn\/wp-json\/wp\/v2\/categories?post=1708"},{"taxonomy":"post_tag","embeddable":true,"href":"https:\/\/agora.xtec.cat\/escguillemisarn\/wp-json\/wp\/v2\/tags?post=1708"}],"curies":[{"name":"wp","href":"https:\/\/api.w.org\/{rel}","templated":true}]}}