{"id":1689,"date":"2021-05-17T13:21:03","date_gmt":"2021-05-17T11:21:03","guid":{"rendered":"https:\/\/agora.xtec.cat\/escguillemisarn\/?p=1689"},"modified":"2021-05-17T13:21:03","modified_gmt":"2021-05-17T11:21:03","slug":"estrenem-un-nou-mural-a-la-nostra-escola","status":"publish","type":"post","link":"https:\/\/agora.xtec.cat\/escguillemisarn\/general\/estrenem-un-nou-mural-a-la-nostra-escola\/","title":{"rendered":"Estrenem un nou mural a la nostra escola!"},"content":{"rendered":"<p><a href=\"https:\/\/agora.xtec.cat\/escguillemisarn\/wp-content\/uploads\/usu1631\/2021\/05\/1621250209806-e1621250379229.jpg\"><img loading=\"lazy\" decoding=\"async\" class=\"wp-image-1695 aligncenter\" src=\"https:\/\/agora.xtec.cat\/escguillemisarn\/wp-content\/uploads\/usu1631\/2021\/05\/1621250209806-e1621250379229-1024x376.jpg\" alt=\"\" width=\"915\" height=\"336\" srcset=\"https:\/\/agora.xtec.cat\/escguillemisarn\/wp-content\/uploads\/usu1631\/2021\/05\/1621250209806-e1621250379229-1024x376.jpg 1024w, https:\/\/agora.xtec.cat\/escguillemisarn\/wp-content\/uploads\/usu1631\/2021\/05\/1621250209806-e1621250379229-300x110.jpg 300w, https:\/\/agora.xtec.cat\/escguillemisarn\/wp-content\/uploads\/usu1631\/2021\/05\/1621250209806-e1621250379229-768x282.jpg 768w, https:\/\/agora.xtec.cat\/escguillemisarn\/wp-content\/uploads\/usu1631\/2021\/05\/1621250209806-e1621250379229.jpg 2000w\" sizes=\"auto, (max-width: 915px) 100vw, 915px\" \/><\/a>Els alumnes de tota l&#8217;escola han creat aquest mural tan bonic. Una obra ideada pel Robert i confeccionada per tot l&#8217;alumnat, des de P3 fins a 6\u00e8. Com podeu veure tenim uns molt bons artistes. Volem agrair tota la paci\u00e8ncia que ha tingut l&#8217;impulsor d&#8217;aquest projecte, recon\u00e8ixer les habilitats i estrat\u00e8gies que ha utilitzat per a que tot l&#8217;alumnat pogu\u00e9s participar-hi i la creativitat per fer aquesta obra.<\/p>\n<p>Per veure les fotos de tots els alumnes, cliqueu a l&#8217;enlla\u00e7.<\/p>\n<p><a href=\"https:\/\/photos.app.goo.gl\/AXn3yCB7f9zh1mvw8\">https:\/\/photos.app.goo.gl\/AXn3yCB7f9zh1mvw8<\/a><\/p>\n","protected":false},"excerpt":{"rendered":"<p><a href=\"https:\/\/agora.xtec.cat\/escguillemisarn\/wp-content\/uploads\/usu1631\/2021\/05\/1621250209806-e1621250379229.jpg\"><\/a>Els alumnes de tota l&#8217;escola han creat aquest mural tan bonic. Una obra ideada pel Robert i confeccionada per tot l&#8217;alumnat, des de P3 fins a 6\u00e8. Com podeu veure tenim uns molt bons artistes. Volem agrair tota la paci\u00e8ncia que ha tingut l&#8217;impulsor&hellip;  <a href=\"https:\/\/agora.xtec.cat\/escguillemisarn\/general\/estrenem-un-nou-mural-a-la-nostra-escola\/\" title=\"Read Estrenem un nou mural a la nostra escola!\">Llegeix m\u00e9s\u00bb<\/a><\/p>\n","protected":false},"author":18,"featured_media":1673,"comment_status":"open","ping_status":"closed","sticky":false,"template":"","format":"standard","meta":{"_bbp_topic_count":0,"_bbp_reply_count":0,"_bbp_total_topic_count":0,"_bbp_total_reply_count":0,"_bbp_voice_count":0,"_bbp_anonymous_reply_count":0,"_bbp_topic_count_hidden":0,"_bbp_reply_count_hidden":0,"_bbp_forum_subforum_count":0,"footnotes":""},"categories":[71,72,73,1,2,4,5],"tags":[],"class_list":["post-1689","post","type-post","status-publish","format-standard","has-post-thumbnail","hentry","category-ci","category-cm","category-cs","category-general","category-infantil","category-portada","category-primaria"],"post_mailing_queue_ids":[],"_links":{"self":[{"href":"https:\/\/agora.xtec.cat\/escguillemisarn\/wp-json\/wp\/v2\/posts\/1689","targetHints":{"allow":["GET"]}}],"collection":[{"href":"https:\/\/agora.xtec.cat\/escguillemisarn\/wp-json\/wp\/v2\/posts"}],"about":[{"href":"https:\/\/agora.xtec.cat\/escguillemisarn\/wp-json\/wp\/v2\/types\/post"}],"author":[{"embeddable":true,"href":"https:\/\/agora.xtec.cat\/escguillemisarn\/wp-json\/wp\/v2\/users\/18"}],"replies":[{"embeddable":true,"href":"https:\/\/agora.xtec.cat\/escguillemisarn\/wp-json\/wp\/v2\/comments?post=1689"}],"version-history":[{"count":1,"href":"https:\/\/agora.xtec.cat\/escguillemisarn\/wp-json\/wp\/v2\/posts\/1689\/revisions"}],"predecessor-version":[{"id":1696,"href":"https:\/\/agora.xtec.cat\/escguillemisarn\/wp-json\/wp\/v2\/posts\/1689\/revisions\/1696"}],"wp:featuredmedia":[{"embeddable":true,"href":"https:\/\/agora.xtec.cat\/escguillemisarn\/wp-json\/wp\/v2\/media\/1673"}],"wp:attachment":[{"href":"https:\/\/agora.xtec.cat\/escguillemisarn\/wp-json\/wp\/v2\/media?parent=1689"}],"wp:term":[{"taxonomy":"category","embeddable":true,"href":"https:\/\/agora.xtec.cat\/escguillemisarn\/wp-json\/wp\/v2\/categories?post=1689"},{"taxonomy":"post_tag","embeddable":true,"href":"https:\/\/agora.xtec.cat\/escguillemisarn\/wp-json\/wp\/v2\/tags?post=1689"}],"curies":[{"name":"wp","href":"https:\/\/api.w.org\/{rel}","templated":true}]}}