{"id":1672,"date":"2021-05-13T08:52:19","date_gmt":"2021-05-13T06:52:19","guid":{"rendered":"https:\/\/agora.xtec.cat\/escguillemisarn\/?p=1672"},"modified":"2021-05-13T08:54:20","modified_gmt":"2021-05-13T06:54:20","slug":"el-fil-de-la-vida-de-p4","status":"publish","type":"post","link":"https:\/\/agora.xtec.cat\/escguillemisarn\/general\/el-fil-de-la-vida-de-p4\/","title":{"rendered":"EL FIL DE LA VIDA DE P4"},"content":{"rendered":"<p>Els nens i nenes de P4 hem fet l&#8217;activitat de &#8220;El fil de la vida&#8221;. Consisteix en portar tres fotos on es puguin veure al nen o a la nena des que era m\u00e9s petit fins al moment actual, i ho expliquen als companys\/es. Els ha fet molta gr\u00e0cia portar les fotos de quan eren m\u00e9s petitons i compartir-les amb tots nosaltres.<\/p>\n<p>Aix\u00ed, hem compartit experi\u00e8ncies i viv\u00e8ncies que ens han enriquit una mica m\u00e9s a tots, i hem aprofitat per treballar el llenguatge oral.<\/p>\n<p>Moltes gr\u00e0cies a les fam\u00edlies per la vostra col\u00b7laboraci\u00f3 en aquesta activitat.<\/p>\n<p>Us deixem un recull de fotos d&#8217;aquesta activitat.<\/p>\n<p><a href=\"https:\/\/photos.app.goo.gl\/zgBvn5aWyqHsCzMC7\">https:\/\/photos.app.goo.gl\/zgBvn5aWyqHsCzMC7<\/a><\/p>\n<p><a href=\"https:\/\/agora.xtec.cat\/escguillemisarn\/wp-content\/uploads\/usu1631\/2021\/05\/P5.jpg\"><img loading=\"lazy\" decoding=\"async\" class=\"alignleft size-full wp-image-1673\" src=\"https:\/\/agora.xtec.cat\/escguillemisarn\/wp-content\/uploads\/usu1631\/2021\/05\/P5.jpg\" alt=\"\" width=\"677\" height=\"161\" srcset=\"https:\/\/agora.xtec.cat\/escguillemisarn\/wp-content\/uploads\/usu1631\/2021\/05\/P5.jpg 677w, https:\/\/agora.xtec.cat\/escguillemisarn\/wp-content\/uploads\/usu1631\/2021\/05\/P5-300x71.jpg 300w\" sizes=\"auto, (max-width: 677px) 100vw, 677px\" \/><\/a><\/p>\n","protected":false},"excerpt":{"rendered":"<p>Els nens i nenes de P4 hem fet l&#8217;activitat de &#8220;El fil de la vida&#8221;. Consisteix en portar tres fotos on es puguin veure al nen o a la nena des que era m\u00e9s petit fins al moment actual, i ho expliquen als companys\/es. Els&hellip;  <a href=\"https:\/\/agora.xtec.cat\/escguillemisarn\/general\/el-fil-de-la-vida-de-p4\/\" title=\"Read EL FIL DE LA VIDA DE P4\">Llegeix m\u00e9s\u00bb<\/a><\/p>\n","protected":false},"author":8,"featured_media":1673,"comment_status":"open","ping_status":"closed","sticky":false,"template":"","format":"standard","meta":{"_bbp_topic_count":0,"_bbp_reply_count":0,"_bbp_total_topic_count":0,"_bbp_total_reply_count":0,"_bbp_voice_count":0,"_bbp_anonymous_reply_count":0,"_bbp_topic_count_hidden":0,"_bbp_reply_count_hidden":0,"_bbp_forum_subforum_count":0,"footnotes":""},"categories":[1,2,4],"tags":[],"class_list":["post-1672","post","type-post","status-publish","format-standard","has-post-thumbnail","hentry","category-general","category-infantil","category-portada"],"post_mailing_queue_ids":[],"_links":{"self":[{"href":"https:\/\/agora.xtec.cat\/escguillemisarn\/wp-json\/wp\/v2\/posts\/1672","targetHints":{"allow":["GET"]}}],"collection":[{"href":"https:\/\/agora.xtec.cat\/escguillemisarn\/wp-json\/wp\/v2\/posts"}],"about":[{"href":"https:\/\/agora.xtec.cat\/escguillemisarn\/wp-json\/wp\/v2\/types\/post"}],"author":[{"embeddable":true,"href":"https:\/\/agora.xtec.cat\/escguillemisarn\/wp-json\/wp\/v2\/users\/8"}],"replies":[{"embeddable":true,"href":"https:\/\/agora.xtec.cat\/escguillemisarn\/wp-json\/wp\/v2\/comments?post=1672"}],"version-history":[{"count":2,"href":"https:\/\/agora.xtec.cat\/escguillemisarn\/wp-json\/wp\/v2\/posts\/1672\/revisions"}],"predecessor-version":[{"id":1675,"href":"https:\/\/agora.xtec.cat\/escguillemisarn\/wp-json\/wp\/v2\/posts\/1672\/revisions\/1675"}],"wp:featuredmedia":[{"embeddable":true,"href":"https:\/\/agora.xtec.cat\/escguillemisarn\/wp-json\/wp\/v2\/media\/1673"}],"wp:attachment":[{"href":"https:\/\/agora.xtec.cat\/escguillemisarn\/wp-json\/wp\/v2\/media?parent=1672"}],"wp:term":[{"taxonomy":"category","embeddable":true,"href":"https:\/\/agora.xtec.cat\/escguillemisarn\/wp-json\/wp\/v2\/categories?post=1672"},{"taxonomy":"post_tag","embeddable":true,"href":"https:\/\/agora.xtec.cat\/escguillemisarn\/wp-json\/wp\/v2\/tags?post=1672"}],"curies":[{"name":"wp","href":"https:\/\/api.w.org\/{rel}","templated":true}]}}