{"id":1663,"date":"2021-05-10T22:53:21","date_gmt":"2021-05-10T20:53:21","guid":{"rendered":"https:\/\/agora.xtec.cat\/escguillemisarn\/?p=1663"},"modified":"2021-05-10T22:53:21","modified_gmt":"2021-05-10T20:53:21","slug":"el-mestre-david-un-music-professional","status":"publish","type":"post","link":"https:\/\/agora.xtec.cat\/escguillemisarn\/general\/el-mestre-david-un-music-professional\/","title":{"rendered":"El mestre David, un m\u00fasic professional!"},"content":{"rendered":"<p><a href=\"https:\/\/agora.xtec.cat\/escguillemisarn\/wp-content\/uploads\/usu1631\/2021\/05\/81eHXVw5dQL._SS500_.jpg\"><img loading=\"lazy\" decoding=\"async\" class=\"wp-image-1664 alignleft\" src=\"https:\/\/agora.xtec.cat\/escguillemisarn\/wp-content\/uploads\/usu1631\/2021\/05\/81eHXVw5dQL._SS500_.jpg\" alt=\"\" width=\"276\" height=\"276\" srcset=\"https:\/\/agora.xtec.cat\/escguillemisarn\/wp-content\/uploads\/usu1631\/2021\/05\/81eHXVw5dQL._SS500_.jpg 500w, https:\/\/agora.xtec.cat\/escguillemisarn\/wp-content\/uploads\/usu1631\/2021\/05\/81eHXVw5dQL._SS500_-150x150.jpg 150w, https:\/\/agora.xtec.cat\/escguillemisarn\/wp-content\/uploads\/usu1631\/2021\/05\/81eHXVw5dQL._SS500_-300x300.jpg 300w\" sizes=\"auto, (max-width: 276px) 100vw, 276px\" \/><\/a>Moltes de les not\u00edcies que pengem a la web del centre s\u00f3n per posar en valor les activitats que fan els nostres alumnes, permeteu-nos la llic\u00e8ncia, avui, de posar en valor l&#8217;activitat que fa un dels nostres fant\u00e0stics mestres que formem el claustre de l&#8217;escola: el David.<\/p>\n<p>Hem assistit a un concert del seu grup musical, La Fam\u00edlia Torelli. El David \u00e9s el saxofonista del grup i avui han tocat a les Festes de St. Anastasi de Lleida. Un escenari de pel\u00b7l\u00edcula, per un grup fant\u00e0stic i un p\u00fablic entregat.<\/p>\n<p>Podeu veure algunes fotografies i v\u00eddeos al seg\u00fcent enlla\u00e7:<\/p>\n<p><a href=\"https:\/\/photos.app.goo.gl\/moDrUKHVeKuPm3gY9\">https:\/\/photos.app.goo.gl\/moDrUKHVeKuPm3gY9<\/a><\/p>\n","protected":false},"excerpt":{"rendered":"<p><a href=\"https:\/\/agora.xtec.cat\/escguillemisarn\/wp-content\/uploads\/usu1631\/2021\/05\/81eHXVw5dQL._SS500_.jpg\"><\/a>Moltes de les not\u00edcies que pengem a la web del centre s\u00f3n per posar en valor les activitats que fan els nostres alumnes, permeteu-nos la llic\u00e8ncia, avui, de posar en valor l&#8217;activitat que fa un dels nostres fant\u00e0stics mestres que formem el claustre de&hellip;  <a href=\"https:\/\/agora.xtec.cat\/escguillemisarn\/general\/el-mestre-david-un-music-professional\/\" title=\"Read El mestre David, un m\u00fasic professional!\">Llegeix m\u00e9s\u00bb<\/a><\/p>\n","protected":false},"author":18,"featured_media":0,"comment_status":"open","ping_status":"closed","sticky":false,"template":"","format":"standard","meta":{"_bbp_topic_count":0,"_bbp_reply_count":0,"_bbp_total_topic_count":0,"_bbp_total_reply_count":0,"_bbp_voice_count":0,"_bbp_anonymous_reply_count":0,"_bbp_topic_count_hidden":0,"_bbp_reply_count_hidden":0,"_bbp_forum_subforum_count":0,"footnotes":""},"categories":[1,4],"tags":[],"class_list":["post-1663","post","type-post","status-publish","format-standard","hentry","category-general","category-portada"],"post_mailing_queue_ids":[],"_links":{"self":[{"href":"https:\/\/agora.xtec.cat\/escguillemisarn\/wp-json\/wp\/v2\/posts\/1663","targetHints":{"allow":["GET"]}}],"collection":[{"href":"https:\/\/agora.xtec.cat\/escguillemisarn\/wp-json\/wp\/v2\/posts"}],"about":[{"href":"https:\/\/agora.xtec.cat\/escguillemisarn\/wp-json\/wp\/v2\/types\/post"}],"author":[{"embeddable":true,"href":"https:\/\/agora.xtec.cat\/escguillemisarn\/wp-json\/wp\/v2\/users\/18"}],"replies":[{"embeddable":true,"href":"https:\/\/agora.xtec.cat\/escguillemisarn\/wp-json\/wp\/v2\/comments?post=1663"}],"version-history":[{"count":1,"href":"https:\/\/agora.xtec.cat\/escguillemisarn\/wp-json\/wp\/v2\/posts\/1663\/revisions"}],"predecessor-version":[{"id":1665,"href":"https:\/\/agora.xtec.cat\/escguillemisarn\/wp-json\/wp\/v2\/posts\/1663\/revisions\/1665"}],"wp:attachment":[{"href":"https:\/\/agora.xtec.cat\/escguillemisarn\/wp-json\/wp\/v2\/media?parent=1663"}],"wp:term":[{"taxonomy":"category","embeddable":true,"href":"https:\/\/agora.xtec.cat\/escguillemisarn\/wp-json\/wp\/v2\/categories?post=1663"},{"taxonomy":"post_tag","embeddable":true,"href":"https:\/\/agora.xtec.cat\/escguillemisarn\/wp-json\/wp\/v2\/tags?post=1663"}],"curies":[{"name":"wp","href":"https:\/\/api.w.org\/{rel}","templated":true}]}}