{"id":1655,"date":"2021-05-07T10:41:55","date_gmt":"2021-05-07T08:41:55","guid":{"rendered":"https:\/\/agora.xtec.cat\/escguillemisarn\/?p=1655"},"modified":"2021-05-07T10:41:55","modified_gmt":"2021-05-07T08:41:55","slug":"sortida-amb-bicicleta-a-montale","status":"publish","type":"post","link":"https:\/\/agora.xtec.cat\/escguillemisarn\/general\/sortida-amb-bicicleta-a-montale\/","title":{"rendered":"Sortida amb bicicleta a Montal\u00e9"},"content":{"rendered":"<p><a href=\"https:\/\/agora.xtec.cat\/escguillemisarn\/wp-content\/uploads\/usu1631\/2021\/05\/Recorregut.jpg\"><img loading=\"lazy\" decoding=\"async\" class=\"wp-image-1656 alignleft\" src=\"https:\/\/agora.xtec.cat\/escguillemisarn\/wp-content\/uploads\/usu1631\/2021\/05\/Recorregut.jpg\" alt=\"\" width=\"361\" height=\"325\" srcset=\"https:\/\/agora.xtec.cat\/escguillemisarn\/wp-content\/uploads\/usu1631\/2021\/05\/Recorregut.jpg 842w, https:\/\/agora.xtec.cat\/escguillemisarn\/wp-content\/uploads\/usu1631\/2021\/05\/Recorregut-300x270.jpg 300w, https:\/\/agora.xtec.cat\/escguillemisarn\/wp-content\/uploads\/usu1631\/2021\/05\/Recorregut-768x691.jpg 768w\" sizes=\"auto, (max-width: 361px) 100vw, 361px\" \/><\/a>Per fi ha arribat el dia! Anem a Montal\u00e9 amb bicicleta!!!<\/p>\n<p>L&#8217;activitat f\u00edsica \u00e9s sin\u00f2nim de salut, per aquest motiu, com ja \u00e9s tradicional a la nostra escola agafem les bicicletes i anem a Montal\u00e9. Tots els alumnes de cicle mitj\u00e0 i cicle superior hem participat d&#8217;aquesta iniciativa.<\/p>\n<p>A m\u00e9s a m\u00e9s, aquest any, els quil\u00f2metres que hem fet es transformaran amb euros! S\u00ed, s\u00ed&#8230; tal i com ho llegiu. Des del Seminari d&#8217;Educaci\u00f3 F\u00edsica on hi participa el mestre d&#8217;aquesta assignatura de l&#8217;escola i gr\u00e0cies al Consell Esportiu de l&#8217;Urgell, per cada quil\u00f2metre que facin els alumnes ells ho bescanvien per euros en benefici de l&#8217;Associaci\u00f3 Alba de T\u00e0rrega. Aix\u00ed que&#8230; a pedalar!!!!<\/p>\n<p>Aqu\u00ed trobareu totes les fotos de la sortida!<\/p>\n<p><a href=\"https:\/\/photos.app.goo.gl\/y22X8CLZSJAebRpz5\">https:\/\/photos.app.goo.gl\/y22X8CLZSJAebRpz5<\/a><\/p>\n","protected":false},"excerpt":{"rendered":"<p><a href=\"https:\/\/agora.xtec.cat\/escguillemisarn\/wp-content\/uploads\/usu1631\/2021\/05\/Recorregut.jpg\"><\/a>Per fi ha arribat el dia! Anem a Montal\u00e9 amb bicicleta!!!<br \/>\nL&#8217;activitat f\u00edsica \u00e9s sin\u00f2nim de salut, per aquest motiu, com ja \u00e9s tradicional a la nostra escola agafem les bicicletes i anem a Montal\u00e9. Tots els alumnes de cicle mitj\u00e0 i cicle superior hem&hellip;  <a href=\"https:\/\/agora.xtec.cat\/escguillemisarn\/general\/sortida-amb-bicicleta-a-montale\/\" title=\"Read Sortida amb bicicleta a Montal\u00e9\">Llegeix m\u00e9s\u00bb<\/a><\/p>\n","protected":false},"author":18,"featured_media":0,"comment_status":"open","ping_status":"closed","sticky":false,"template":"","format":"standard","meta":{"_bbp_topic_count":0,"_bbp_reply_count":0,"_bbp_total_topic_count":0,"_bbp_total_reply_count":0,"_bbp_voice_count":0,"_bbp_anonymous_reply_count":0,"_bbp_topic_count_hidden":0,"_bbp_reply_count_hidden":0,"_bbp_forum_subforum_count":0,"footnotes":""},"categories":[72,73,1,4,5],"tags":[],"class_list":["post-1655","post","type-post","status-publish","format-standard","hentry","category-cm","category-cs","category-general","category-portada","category-primaria"],"post_mailing_queue_ids":[],"_links":{"self":[{"href":"https:\/\/agora.xtec.cat\/escguillemisarn\/wp-json\/wp\/v2\/posts\/1655","targetHints":{"allow":["GET"]}}],"collection":[{"href":"https:\/\/agora.xtec.cat\/escguillemisarn\/wp-json\/wp\/v2\/posts"}],"about":[{"href":"https:\/\/agora.xtec.cat\/escguillemisarn\/wp-json\/wp\/v2\/types\/post"}],"author":[{"embeddable":true,"href":"https:\/\/agora.xtec.cat\/escguillemisarn\/wp-json\/wp\/v2\/users\/18"}],"replies":[{"embeddable":true,"href":"https:\/\/agora.xtec.cat\/escguillemisarn\/wp-json\/wp\/v2\/comments?post=1655"}],"version-history":[{"count":1,"href":"https:\/\/agora.xtec.cat\/escguillemisarn\/wp-json\/wp\/v2\/posts\/1655\/revisions"}],"predecessor-version":[{"id":1657,"href":"https:\/\/agora.xtec.cat\/escguillemisarn\/wp-json\/wp\/v2\/posts\/1655\/revisions\/1657"}],"wp:attachment":[{"href":"https:\/\/agora.xtec.cat\/escguillemisarn\/wp-json\/wp\/v2\/media?parent=1655"}],"wp:term":[{"taxonomy":"category","embeddable":true,"href":"https:\/\/agora.xtec.cat\/escguillemisarn\/wp-json\/wp\/v2\/categories?post=1655"},{"taxonomy":"post_tag","embeddable":true,"href":"https:\/\/agora.xtec.cat\/escguillemisarn\/wp-json\/wp\/v2\/tags?post=1655"}],"curies":[{"name":"wp","href":"https:\/\/api.w.org\/{rel}","templated":true}]}}