{"id":1649,"date":"2021-05-17T13:03:14","date_gmt":"2021-05-17T11:03:14","guid":{"rendered":"https:\/\/agora.xtec.cat\/escguillemisarn\/?p=1649"},"modified":"2021-05-17T13:03:14","modified_gmt":"2021-05-17T11:03:14","slug":"el-fil-de-la-vida-a-p5","status":"publish","type":"post","link":"https:\/\/agora.xtec.cat\/escguillemisarn\/general\/el-fil-de-la-vida-a-p5\/","title":{"rendered":"EL FIL DE LA VIDA A P5"},"content":{"rendered":"<p>Els nens i nenes de P5 hem fet l&#8217;activitat de &#8220;El fil de la vida&#8221;. Consisteix en portar tres fotos on es puguin veure coses que al nen o a la nena li agradi fer, i ho expliquen als companys\/es. Alguns ens han dit que els agrada cuinar, anar amb la bici o amb la moto, anar a la platja, visitar els animals, jugar amb la pilota, mirar contes&#8230;<\/p>\n<p>Aix\u00ed, hem compartit experi\u00e8ncies i viv\u00e8ncies que ens han enriquit una mica m\u00e9s a tots.<\/p>\n<p>Moltes gr\u00e0cies a les fam\u00edlies per la vostra col\u00b7laboraci\u00f3 en aquesta activitat.<a href=\"https:\/\/agora.xtec.cat\/escguillemisarn\/wp-content\/uploads\/usu1631\/2021\/05\/el-fil-de-la-vida.jpg\"><img loading=\"lazy\" decoding=\"async\" class=\"wp-image-1684 alignright\" src=\"https:\/\/agora.xtec.cat\/escguillemisarn\/wp-content\/uploads\/usu1631\/2021\/05\/el-fil-de-la-vida-1024x797.jpg\" alt=\"\" width=\"207\" height=\"161\" srcset=\"https:\/\/agora.xtec.cat\/escguillemisarn\/wp-content\/uploads\/usu1631\/2021\/05\/el-fil-de-la-vida-1024x797.jpg 1024w, https:\/\/agora.xtec.cat\/escguillemisarn\/wp-content\/uploads\/usu1631\/2021\/05\/el-fil-de-la-vida-300x233.jpg 300w, https:\/\/agora.xtec.cat\/escguillemisarn\/wp-content\/uploads\/usu1631\/2021\/05\/el-fil-de-la-vida-768x597.jpg 768w\" sizes=\"auto, (max-width: 207px) 100vw, 207px\" \/><\/a><\/p>\n<p>Us deixem un recull de fotos d&#8217;aquesta activitat.<\/p>\n<p>&nbsp;<\/p>\n<p><a href=\"https:\/\/photos.app.goo.gl\/umDWZL9hrf36rnuc9\">https:\/\/photos.app.goo.gl\/umDWZL9hrf36rnuc9<\/a><\/p>\n<p>&nbsp;<\/p>\n","protected":false},"excerpt":{"rendered":"<p>Els nens i nenes de P5 hem fet l&#8217;activitat de &#8220;El fil de la vida&#8221;. Consisteix en portar tres fotos on es puguin veure coses que al nen o a la nena li agradi fer, i ho expliquen als companys\/es. Alguns ens han dit que&hellip;  <a href=\"https:\/\/agora.xtec.cat\/escguillemisarn\/general\/el-fil-de-la-vida-a-p5\/\" title=\"Read EL FIL DE LA VIDA A P5\">Llegeix m\u00e9s\u00bb<\/a><\/p>\n","protected":false},"author":14,"featured_media":1673,"comment_status":"open","ping_status":"closed","sticky":false,"template":"","format":"standard","meta":{"_bbp_topic_count":0,"_bbp_reply_count":0,"_bbp_total_topic_count":0,"_bbp_total_reply_count":0,"_bbp_voice_count":0,"_bbp_anonymous_reply_count":0,"_bbp_topic_count_hidden":0,"_bbp_reply_count_hidden":0,"_bbp_forum_subforum_count":0,"footnotes":""},"categories":[1,2],"tags":[],"class_list":["post-1649","post","type-post","status-publish","format-standard","has-post-thumbnail","hentry","category-general","category-infantil"],"post_mailing_queue_ids":[],"_links":{"self":[{"href":"https:\/\/agora.xtec.cat\/escguillemisarn\/wp-json\/wp\/v2\/posts\/1649","targetHints":{"allow":["GET"]}}],"collection":[{"href":"https:\/\/agora.xtec.cat\/escguillemisarn\/wp-json\/wp\/v2\/posts"}],"about":[{"href":"https:\/\/agora.xtec.cat\/escguillemisarn\/wp-json\/wp\/v2\/types\/post"}],"author":[{"embeddable":true,"href":"https:\/\/agora.xtec.cat\/escguillemisarn\/wp-json\/wp\/v2\/users\/14"}],"replies":[{"embeddable":true,"href":"https:\/\/agora.xtec.cat\/escguillemisarn\/wp-json\/wp\/v2\/comments?post=1649"}],"version-history":[{"count":3,"href":"https:\/\/agora.xtec.cat\/escguillemisarn\/wp-json\/wp\/v2\/posts\/1649\/revisions"}],"predecessor-version":[{"id":1688,"href":"https:\/\/agora.xtec.cat\/escguillemisarn\/wp-json\/wp\/v2\/posts\/1649\/revisions\/1688"}],"wp:featuredmedia":[{"embeddable":true,"href":"https:\/\/agora.xtec.cat\/escguillemisarn\/wp-json\/wp\/v2\/media\/1673"}],"wp:attachment":[{"href":"https:\/\/agora.xtec.cat\/escguillemisarn\/wp-json\/wp\/v2\/media?parent=1649"}],"wp:term":[{"taxonomy":"category","embeddable":true,"href":"https:\/\/agora.xtec.cat\/escguillemisarn\/wp-json\/wp\/v2\/categories?post=1649"},{"taxonomy":"post_tag","embeddable":true,"href":"https:\/\/agora.xtec.cat\/escguillemisarn\/wp-json\/wp\/v2\/tags?post=1649"}],"curies":[{"name":"wp","href":"https:\/\/api.w.org\/{rel}","templated":true}]}}