{"id":1622,"date":"2021-04-22T13:53:18","date_gmt":"2021-04-22T11:53:18","guid":{"rendered":"https:\/\/agora.xtec.cat\/escguillemisarn\/?p=1622"},"modified":"2021-04-28T12:09:38","modified_gmt":"2021-04-28T10:09:38","slug":"4t-celebra-la-setmana-cultural","status":"publish","type":"post","link":"https:\/\/agora.xtec.cat\/escguillemisarn\/general\/4t-celebra-la-setmana-cultural\/","title":{"rendered":"4t celebra la SETMANA CULTURAL!"},"content":{"rendered":"<p>Aquesta ha estat una setmana molt entretinguda, plena d&#8217;activitats d&#8217;all\u00f2 m\u00e9s divertides i engrescadores.<\/p>\n<p>El dimarts vam estar ben atents i atentes als Cubs de Rubik que ens va portar la M\u00f2nica de <strong>Rubikids<\/strong>. Amb ells vam poder treballar els nombres, les operacions, els problemes, les multiplicacions, les divisions, les fraccions&#8230; un reguitzell de continguts matem\u00e0tics!<\/p>\n<p>El dimecres va ser el torn del <strong>taller de m\u00fasica<\/strong>. Ens vam endinsar en aquest m\u00f3n m\u00e9s que mai de la m\u00e0 del Robert, amb la seva espectacular bateria, i del David, amb una colla de saxos enlluernadors! Les i les alumnes van poder gaudir d&#8217;una exhibici\u00f3 d&#8217;ambdues vessants de la m\u00fasica &#8211; la percussi\u00f3 i el vent-, i tamb\u00e9 del plaer de tocar la bateria ells i elles mateixos\/es com si es tract\u00e9s d&#8217;un concert, amb focus, micros&#8230; com uns i unes professionals. Vam ser l&#8217;\u00e0nima de la festa!<\/p>\n<p>I avui, dijous, hem practicat t\u00e8cniques d&#8217;escalfament a l&#8217;hora de realitzar<strong> teatre<\/strong>. La Mireia de l&#8217;Aula de Teatre de Lleida ens ha fet fer uns jocs molt distrets per activar la mem\u00f2ria, fer cohesi\u00f3 i perdre una mica la vergonya, i n&#8217;hem gaudit molt\u00edssim.<\/p>\n<p>Podeu veure&#8217;n imatges al seg\u00fcent enlla\u00e7:\u00a0<a href=\"https:\/\/drive.google.com\/drive\/folders\/1SCxbDGLEhjKG6TDmN6biMEDXcixtnn7l?usp=sharing\">https:\/\/drive.google.com\/drive\/folders\/1SCxbDGLEhjKG6TDmN6biMEDXcixtnn7l?usp=sharing<\/a><\/p>\n<p>Que tingueu una bona Diada de Sant Jordi!<\/p>\n","protected":false},"excerpt":{"rendered":"<p>Aquesta ha estat una setmana molt entretinguda, plena d&#8217;activitats d&#8217;all\u00f2 m\u00e9s divertides i engrescadores.<br \/>\nEl dimarts vam estar ben atents i atentes als Cubs de Rubik que ens va portar la M\u00f2nica de Rubikids. Amb ells vam poder treballar els nombres, les operacions, els problemes, les&hellip;  <a href=\"https:\/\/agora.xtec.cat\/escguillemisarn\/general\/4t-celebra-la-setmana-cultural\/\" title=\"Read 4t celebra la SETMANA CULTURAL!\">Llegeix m\u00e9s\u00bb<\/a><\/p>\n","protected":false},"author":7,"featured_media":0,"comment_status":"open","ping_status":"closed","sticky":false,"template":"","format":"standard","meta":{"_bbp_topic_count":0,"_bbp_reply_count":0,"_bbp_total_topic_count":0,"_bbp_total_reply_count":0,"_bbp_voice_count":0,"_bbp_anonymous_reply_count":0,"_bbp_topic_count_hidden":0,"_bbp_reply_count_hidden":0,"_bbp_forum_subforum_count":0,"footnotes":""},"categories":[72,1,4,5],"tags":[],"class_list":["post-1622","post","type-post","status-publish","format-standard","hentry","category-cm","category-general","category-portada","category-primaria"],"post_mailing_queue_ids":[],"_links":{"self":[{"href":"https:\/\/agora.xtec.cat\/escguillemisarn\/wp-json\/wp\/v2\/posts\/1622","targetHints":{"allow":["GET"]}}],"collection":[{"href":"https:\/\/agora.xtec.cat\/escguillemisarn\/wp-json\/wp\/v2\/posts"}],"about":[{"href":"https:\/\/agora.xtec.cat\/escguillemisarn\/wp-json\/wp\/v2\/types\/post"}],"author":[{"embeddable":true,"href":"https:\/\/agora.xtec.cat\/escguillemisarn\/wp-json\/wp\/v2\/users\/7"}],"replies":[{"embeddable":true,"href":"https:\/\/agora.xtec.cat\/escguillemisarn\/wp-json\/wp\/v2\/comments?post=1622"}],"version-history":[{"count":2,"href":"https:\/\/agora.xtec.cat\/escguillemisarn\/wp-json\/wp\/v2\/posts\/1622\/revisions"}],"predecessor-version":[{"id":1624,"href":"https:\/\/agora.xtec.cat\/escguillemisarn\/wp-json\/wp\/v2\/posts\/1622\/revisions\/1624"}],"wp:attachment":[{"href":"https:\/\/agora.xtec.cat\/escguillemisarn\/wp-json\/wp\/v2\/media?parent=1622"}],"wp:term":[{"taxonomy":"category","embeddable":true,"href":"https:\/\/agora.xtec.cat\/escguillemisarn\/wp-json\/wp\/v2\/categories?post=1622"},{"taxonomy":"post_tag","embeddable":true,"href":"https:\/\/agora.xtec.cat\/escguillemisarn\/wp-json\/wp\/v2\/tags?post=1622"}],"curies":[{"name":"wp","href":"https:\/\/api.w.org\/{rel}","templated":true}]}}