{"id":1595,"date":"2021-04-16T10:49:40","date_gmt":"2021-04-16T08:49:40","guid":{"rendered":"https:\/\/agora.xtec.cat\/escguillemisarn\/?p=1595"},"modified":"2021-04-16T10:49:40","modified_gmt":"2021-04-16T08:49:40","slug":"aprenem-dun-esportista-amb-grans-valors","status":"publish","type":"post","link":"https:\/\/agora.xtec.cat\/escguillemisarn\/general\/aprenem-dun-esportista-amb-grans-valors\/","title":{"rendered":"Aprenem d&#8217;un esportista amb grans valors!"},"content":{"rendered":"<p><a href=\"https:\/\/agora.xtec.cat\/escguillemisarn\/wp-content\/uploads\/usu1631\/2021\/04\/1@2x.png\"><img loading=\"lazy\" decoding=\"async\" class=\"size-full wp-image-1596 alignleft\" src=\"https:\/\/agora.xtec.cat\/escguillemisarn\/wp-content\/uploads\/usu1631\/2021\/04\/1@2x.png\" alt=\"\" width=\"280\" height=\"154\" \/><\/a>En el marc del projecte interdisciplinari dels Jocs Ol\u00edmpics, ens ha visitat el Jaume Rovira, un esportista que s&#8217;est\u00e0 preparant per la cursa m\u00e9s exigent del m\u00f3n: la Titan Desert. A m\u00e9s a m\u00e9s, dintre d&#8217;aquest repte personal per a ell paral\u00b7lelament est\u00e0 immers en un projecte solidari amb el Club Alba de T\u00e0rrega per recaptar fons pels ciclistes d&#8217;aquest club.<\/p>\n<p>Ens va ensenyar la bicicleta amb que participar\u00e0 a la cursa, el material que utilitzar\u00e0 i ens va fer adonar de tot la organitzaci\u00f3 que cal per duu a terme aquest repte. Tamb\u00e9 podeu visitar la seva p\u00e0gina web per fer un seguiment de la cursa:\u00a0<a href=\"http:\/\/septitan.cat\/es\/\">http:\/\/septitan.cat\/es\/<\/a><\/p>\n<p>Si voleu veure les fotos, aqu\u00ed us les deixem!<\/p>\n<p><a href=\"https:\/\/photos.app.goo.gl\/dD6kAYDWg253Wyw79\">https:\/\/photos.app.goo.gl\/dD6kAYDWg253Wyw79<\/a><\/p>\n","protected":false},"excerpt":{"rendered":"<p><a href=\"https:\/\/agora.xtec.cat\/escguillemisarn\/wp-content\/uploads\/usu1631\/2021\/04\/1@2x.png\"><\/a>En el marc del projecte interdisciplinari dels Jocs Ol\u00edmpics, ens ha visitat el Jaume Rovira, un esportista que s&#8217;est\u00e0 preparant per la cursa m\u00e9s exigent del m\u00f3n: la Titan Desert. A m\u00e9s a m\u00e9s, dintre d&#8217;aquest repte personal per a ell paral\u00b7lelament est\u00e0 immers&hellip;  <a href=\"https:\/\/agora.xtec.cat\/escguillemisarn\/general\/aprenem-dun-esportista-amb-grans-valors\/\" title=\"Read Aprenem d&#8217;un esportista amb grans valors!\">Llegeix m\u00e9s\u00bb<\/a><\/p>\n","protected":false},"author":18,"featured_media":0,"comment_status":"open","ping_status":"closed","sticky":false,"template":"","format":"standard","meta":{"_bbp_topic_count":0,"_bbp_reply_count":0,"_bbp_total_topic_count":0,"_bbp_total_reply_count":0,"_bbp_voice_count":0,"_bbp_anonymous_reply_count":0,"_bbp_topic_count_hidden":0,"_bbp_reply_count_hidden":0,"_bbp_forum_subforum_count":0,"footnotes":""},"categories":[73,1,4,5],"tags":[],"class_list":["post-1595","post","type-post","status-publish","format-standard","hentry","category-cs","category-general","category-portada","category-primaria"],"post_mailing_queue_ids":[],"_links":{"self":[{"href":"https:\/\/agora.xtec.cat\/escguillemisarn\/wp-json\/wp\/v2\/posts\/1595","targetHints":{"allow":["GET"]}}],"collection":[{"href":"https:\/\/agora.xtec.cat\/escguillemisarn\/wp-json\/wp\/v2\/posts"}],"about":[{"href":"https:\/\/agora.xtec.cat\/escguillemisarn\/wp-json\/wp\/v2\/types\/post"}],"author":[{"embeddable":true,"href":"https:\/\/agora.xtec.cat\/escguillemisarn\/wp-json\/wp\/v2\/users\/18"}],"replies":[{"embeddable":true,"href":"https:\/\/agora.xtec.cat\/escguillemisarn\/wp-json\/wp\/v2\/comments?post=1595"}],"version-history":[{"count":2,"href":"https:\/\/agora.xtec.cat\/escguillemisarn\/wp-json\/wp\/v2\/posts\/1595\/revisions"}],"predecessor-version":[{"id":1598,"href":"https:\/\/agora.xtec.cat\/escguillemisarn\/wp-json\/wp\/v2\/posts\/1595\/revisions\/1598"}],"wp:attachment":[{"href":"https:\/\/agora.xtec.cat\/escguillemisarn\/wp-json\/wp\/v2\/media?parent=1595"}],"wp:term":[{"taxonomy":"category","embeddable":true,"href":"https:\/\/agora.xtec.cat\/escguillemisarn\/wp-json\/wp\/v2\/categories?post=1595"},{"taxonomy":"post_tag","embeddable":true,"href":"https:\/\/agora.xtec.cat\/escguillemisarn\/wp-json\/wp\/v2\/tags?post=1595"}],"curies":[{"name":"wp","href":"https:\/\/api.w.org\/{rel}","templated":true}]}}