{"id":1591,"date":"2021-04-16T10:39:30","date_gmt":"2021-04-16T08:39:30","guid":{"rendered":"https:\/\/agora.xtec.cat\/escguillemisarn\/?p=1591"},"modified":"2021-04-16T10:39:51","modified_gmt":"2021-04-16T08:39:51","slug":"els-jocs-paralimpics-i-els-special-olympics","status":"publish","type":"post","link":"https:\/\/agora.xtec.cat\/escguillemisarn\/general\/els-jocs-paralimpics-i-els-special-olympics\/","title":{"rendered":"Els Jocs Paral\u00edmpics i els Special Olympics"},"content":{"rendered":"<p><a href=\"https:\/\/agora.xtec.cat\/escguillemisarn\/wp-content\/uploads\/usu1631\/2021\/04\/300px-Paralympic_flag_2010-2019.svg_.png\"><img loading=\"lazy\" decoding=\"async\" class=\" wp-image-1592 alignleft\" src=\"https:\/\/agora.xtec.cat\/escguillemisarn\/wp-content\/uploads\/usu1631\/2021\/04\/300px-Paralympic_flag_2010-2019.svg_.png\" alt=\"\" width=\"210\" height=\"140\" \/><\/a>Els alumnes de cicle superior hem rebut una visita molt especial: el Pau, el Sergi i la Vero, esportistes que han participat als Jocs Paral\u00edmpics i als Special Olympics. Dintre del projecte interdisciplinari que hem dut a terme a l&#8217;escola, hem volgut aprendre com \u00e9s la participaci\u00f3 a uns Jocs Paral\u00edmpics i als Special Olympics per part d&#8217;atletes de l&#8217;Associaci\u00f3 Alba de T\u00e0rrega. Ells ens han ensenyat una mirada diferent de l&#8217;esport.<\/p>\n<p>Si voleu veure algunes fotografies del taller que ens van impartir, aqu\u00ed us les deixem!<\/p>\n<p><a href=\"https:\/\/photos.app.goo.gl\/edfuJB1rvyCw1Q1E6\">https:\/\/photos.app.goo.gl\/edfuJB1rvyCw1Q1E6<\/a><\/p>\n<p><a href=\"https:\/\/agora.xtec.cat\/escguillemisarn\/wp-content\/uploads\/usu1631\/2021\/04\/Special_Olympics_Logo.jpg\"><img loading=\"lazy\" decoding=\"async\" class=\" wp-image-1593\" src=\"https:\/\/agora.xtec.cat\/escguillemisarn\/wp-content\/uploads\/usu1631\/2021\/04\/Special_Olympics_Logo-1024x536.jpg\" alt=\"\" width=\"233\" height=\"122\" srcset=\"https:\/\/agora.xtec.cat\/escguillemisarn\/wp-content\/uploads\/usu1631\/2021\/04\/Special_Olympics_Logo-1024x536.jpg 1024w, https:\/\/agora.xtec.cat\/escguillemisarn\/wp-content\/uploads\/usu1631\/2021\/04\/Special_Olympics_Logo-300x157.jpg 300w, https:\/\/agora.xtec.cat\/escguillemisarn\/wp-content\/uploads\/usu1631\/2021\/04\/Special_Olympics_Logo-768x402.jpg 768w, https:\/\/agora.xtec.cat\/escguillemisarn\/wp-content\/uploads\/usu1631\/2021\/04\/Special_Olympics_Logo.jpg 1380w\" sizes=\"auto, (max-width: 233px) 100vw, 233px\" \/><\/a><\/p>\n","protected":false},"excerpt":{"rendered":"<p><a href=\"https:\/\/agora.xtec.cat\/escguillemisarn\/wp-content\/uploads\/usu1631\/2021\/04\/300px-Paralympic_flag_2010-2019.svg_.png\"><\/a>Els alumnes de cicle superior hem rebut una visita molt especial: el Pau, el Sergi i la Vero, esportistes que han participat als Jocs Paral\u00edmpics i als Special Olympics. Dintre del projecte interdisciplinari que hem dut a terme a l&#8217;escola, hem volgut aprendre com&hellip;  <a href=\"https:\/\/agora.xtec.cat\/escguillemisarn\/general\/els-jocs-paralimpics-i-els-special-olympics\/\" title=\"Read Els Jocs Paral\u00edmpics i els Special Olympics\">Llegeix m\u00e9s\u00bb<\/a><\/p>\n","protected":false},"author":18,"featured_media":0,"comment_status":"open","ping_status":"closed","sticky":false,"template":"","format":"standard","meta":{"_bbp_topic_count":0,"_bbp_reply_count":0,"_bbp_total_topic_count":0,"_bbp_total_reply_count":0,"_bbp_voice_count":0,"_bbp_anonymous_reply_count":0,"_bbp_topic_count_hidden":0,"_bbp_reply_count_hidden":0,"_bbp_forum_subforum_count":0,"footnotes":""},"categories":[73,1,4,5],"tags":[],"class_list":["post-1591","post","type-post","status-publish","format-standard","hentry","category-cs","category-general","category-portada","category-primaria"],"post_mailing_queue_ids":[],"_links":{"self":[{"href":"https:\/\/agora.xtec.cat\/escguillemisarn\/wp-json\/wp\/v2\/posts\/1591","targetHints":{"allow":["GET"]}}],"collection":[{"href":"https:\/\/agora.xtec.cat\/escguillemisarn\/wp-json\/wp\/v2\/posts"}],"about":[{"href":"https:\/\/agora.xtec.cat\/escguillemisarn\/wp-json\/wp\/v2\/types\/post"}],"author":[{"embeddable":true,"href":"https:\/\/agora.xtec.cat\/escguillemisarn\/wp-json\/wp\/v2\/users\/18"}],"replies":[{"embeddable":true,"href":"https:\/\/agora.xtec.cat\/escguillemisarn\/wp-json\/wp\/v2\/comments?post=1591"}],"version-history":[{"count":1,"href":"https:\/\/agora.xtec.cat\/escguillemisarn\/wp-json\/wp\/v2\/posts\/1591\/revisions"}],"predecessor-version":[{"id":1594,"href":"https:\/\/agora.xtec.cat\/escguillemisarn\/wp-json\/wp\/v2\/posts\/1591\/revisions\/1594"}],"wp:attachment":[{"href":"https:\/\/agora.xtec.cat\/escguillemisarn\/wp-json\/wp\/v2\/media?parent=1591"}],"wp:term":[{"taxonomy":"category","embeddable":true,"href":"https:\/\/agora.xtec.cat\/escguillemisarn\/wp-json\/wp\/v2\/categories?post=1591"},{"taxonomy":"post_tag","embeddable":true,"href":"https:\/\/agora.xtec.cat\/escguillemisarn\/wp-json\/wp\/v2\/tags?post=1591"}],"curies":[{"name":"wp","href":"https:\/\/api.w.org\/{rel}","templated":true}]}}