{"id":1584,"date":"2021-04-09T15:15:32","date_gmt":"2021-04-09T13:15:32","guid":{"rendered":"https:\/\/agora.xtec.cat\/escguillemisarn\/?p=1584"},"modified":"2021-04-09T15:15:42","modified_gmt":"2021-04-09T13:15:42","slug":"cerimonia-clausura-jocs-olimpics","status":"publish","type":"post","link":"https:\/\/agora.xtec.cat\/escguillemisarn\/general\/cerimonia-clausura-jocs-olimpics\/","title":{"rendered":"CERIM\u00d2NIA CLAUSURA JOCS OL\u00cdMPICS"},"content":{"rendered":"<p><a href=\"https:\/\/agora.xtec.cat\/escguillemisarn\/wp-content\/uploads\/usu1631\/2021\/04\/IMG_20210322_154846.jpg\"><img loading=\"lazy\" decoding=\"async\" class=\"alignleft wp-image-1585 size-thumbnail\" src=\"https:\/\/agora.xtec.cat\/escguillemisarn\/wp-content\/uploads\/usu1631\/2021\/04\/IMG_20210322_154846-150x150.jpg\" alt=\"\" width=\"150\" height=\"150\" \/><\/a>Despr\u00e9s de dues setmanes de treballar el projecte interdisciplinari dels Jocs Ol\u00edmpics ens toca posar punt i final a l&#8217;activitat. I per fer-ho, hem pensat organitzar una festa de clausura dels nostres Jocs Ol\u00edmpics Guillem Isarn 2.021. El temps no ens ha acompanyat, per\u00f2 hem pogut fer la desfilada a l&#8217;interior de l&#8217;escola, aix\u00ed com el repartiment de medalles a tots els i les atletes participants. L&#8217;acte ha acabat amb la interpretaci\u00f3 de l&#8217;himne de la nostra Escola i l&#8217;apagada de la flama ol\u00edmpica que ens ha acompanyat durant dues setmanes.<\/p>\n<p>Hem fet moltes activitats i hem apr\u00e8s moltes coses dels Jocs Ol\u00edmpics.<\/p>\n<p>Us deixem les fotos de la clausura:<\/p>\n<p><a href=\"https:\/\/photos.app.goo.gl\/SnBuP5ran8kyzePw9\">https:\/\/photos.app.goo.gl\/SnBuP5ran8kyzePw9<\/a><\/p>\n","protected":false},"excerpt":{"rendered":"<p><a href=\"https:\/\/agora.xtec.cat\/escguillemisarn\/wp-content\/uploads\/usu1631\/2021\/04\/IMG_20210322_154846.jpg\"><\/a>Despr\u00e9s de dues setmanes de treballar el projecte interdisciplinari dels Jocs Ol\u00edmpics ens toca posar punt i final a l&#8217;activitat. I per fer-ho, hem pensat organitzar una festa de clausura dels nostres Jocs Ol\u00edmpics Guillem Isarn 2.021. El temps no ens ha acompanyat, per\u00f2&hellip;  <a href=\"https:\/\/agora.xtec.cat\/escguillemisarn\/general\/cerimonia-clausura-jocs-olimpics\/\" title=\"Read CERIM\u00d2NIA CLAUSURA JOCS OL\u00cdMPICS\">Llegeix m\u00e9s\u00bb<\/a><\/p>\n","protected":false},"author":1,"featured_media":0,"comment_status":"open","ping_status":"closed","sticky":false,"template":"","format":"standard","meta":{"_bbp_topic_count":0,"_bbp_reply_count":0,"_bbp_total_topic_count":0,"_bbp_total_reply_count":0,"_bbp_voice_count":0,"_bbp_anonymous_reply_count":0,"_bbp_topic_count_hidden":0,"_bbp_reply_count_hidden":0,"_bbp_forum_subforum_count":0,"footnotes":""},"categories":[1,2,4,5],"tags":[],"class_list":["post-1584","post","type-post","status-publish","format-standard","hentry","category-general","category-infantil","category-portada","category-primaria"],"post_mailing_queue_ids":[],"_links":{"self":[{"href":"https:\/\/agora.xtec.cat\/escguillemisarn\/wp-json\/wp\/v2\/posts\/1584","targetHints":{"allow":["GET"]}}],"collection":[{"href":"https:\/\/agora.xtec.cat\/escguillemisarn\/wp-json\/wp\/v2\/posts"}],"about":[{"href":"https:\/\/agora.xtec.cat\/escguillemisarn\/wp-json\/wp\/v2\/types\/post"}],"author":[{"embeddable":true,"href":"https:\/\/agora.xtec.cat\/escguillemisarn\/wp-json\/wp\/v2\/users\/1"}],"replies":[{"embeddable":true,"href":"https:\/\/agora.xtec.cat\/escguillemisarn\/wp-json\/wp\/v2\/comments?post=1584"}],"version-history":[{"count":1,"href":"https:\/\/agora.xtec.cat\/escguillemisarn\/wp-json\/wp\/v2\/posts\/1584\/revisions"}],"predecessor-version":[{"id":1586,"href":"https:\/\/agora.xtec.cat\/escguillemisarn\/wp-json\/wp\/v2\/posts\/1584\/revisions\/1586"}],"wp:attachment":[{"href":"https:\/\/agora.xtec.cat\/escguillemisarn\/wp-json\/wp\/v2\/media?parent=1584"}],"wp:term":[{"taxonomy":"category","embeddable":true,"href":"https:\/\/agora.xtec.cat\/escguillemisarn\/wp-json\/wp\/v2\/categories?post=1584"},{"taxonomy":"post_tag","embeddable":true,"href":"https:\/\/agora.xtec.cat\/escguillemisarn\/wp-json\/wp\/v2\/tags?post=1584"}],"curies":[{"name":"wp","href":"https:\/\/api.w.org\/{rel}","templated":true}]}}