{"id":1561,"date":"2021-03-26T12:32:07","date_gmt":"2021-03-26T11:32:07","guid":{"rendered":"https:\/\/agora.xtec.cat\/escguillemisarn\/?p=1561"},"modified":"2021-03-26T12:40:22","modified_gmt":"2021-03-26T11:40:22","slug":"cerimonia-inaugural-dels-jocs-olimpics-de-lescola-guillem-isarn","status":"publish","type":"post","link":"https:\/\/agora.xtec.cat\/escguillemisarn\/general\/cerimonia-inaugural-dels-jocs-olimpics-de-lescola-guillem-isarn\/","title":{"rendered":"Cerim\u00f2nia inaugural dels Jocs Ol\u00edmpics de l&#8217;Escola Guillem Isarn"},"content":{"rendered":"<p><a href=\"https:\/\/photos.app.goo.gl\/YZWLUSTrh7mirJvBA\"><img loading=\"lazy\" decoding=\"async\" class=\"alignleft wp-image-1562\" src=\"https:\/\/agora.xtec.cat\/escguillemisarn\/wp-content\/uploads\/usu1631\/2021\/03\/unnamed-1.jpg\" alt=\"\" width=\"364\" height=\"238\" srcset=\"https:\/\/agora.xtec.cat\/escguillemisarn\/wp-content\/uploads\/usu1631\/2021\/03\/unnamed-1.jpg 512w, https:\/\/agora.xtec.cat\/escguillemisarn\/wp-content\/uploads\/usu1631\/2021\/03\/unnamed-1-300x196.jpg 300w\" sizes=\"auto, (max-width: 364px) 100vw, 364px\" \/><\/a>Els alumnes de l&#8217;escola vam fer una cerim\u00f2nia inaugural dels Jocs Ol\u00edmpics molt bonica, per aquest motiu us deixem el v\u00eddeo per visionar-lo. Per uns moments tots vam ser atletes Ol\u00edmpics!<\/p>\n<p>Per visualitzar el v\u00eddeo heu de clicar a la imatge:<\/p>\n<p>&nbsp;<\/p>\n<p>&nbsp;<\/p>\n","protected":false},"excerpt":{"rendered":"<p><a href=\"https:\/\/photos.app.goo.gl\/YZWLUSTrh7mirJvBA\"><\/a>Els alumnes de l&#8217;escola vam fer una cerim\u00f2nia inaugural dels Jocs Ol\u00edmpics molt bonica, per aquest motiu us deixem el v\u00eddeo per visionar-lo. Per uns moments tots vam ser atletes Ol\u00edmpics!<br \/>\nPer visualitzar el v\u00eddeo heu de clicar a la imatge:<br \/>\n&nbsp;<br \/>\n&nbsp;<\/p>\n","protected":false},"author":18,"featured_media":0,"comment_status":"open","ping_status":"closed","sticky":false,"template":"","format":"standard","meta":{"_bbp_topic_count":0,"_bbp_reply_count":0,"_bbp_total_topic_count":0,"_bbp_total_reply_count":0,"_bbp_voice_count":0,"_bbp_anonymous_reply_count":0,"_bbp_topic_count_hidden":0,"_bbp_reply_count_hidden":0,"_bbp_forum_subforum_count":0,"footnotes":""},"categories":[71,72,73,1,2,4,5],"tags":[],"class_list":["post-1561","post","type-post","status-publish","format-standard","hentry","category-ci","category-cm","category-cs","category-general","category-infantil","category-portada","category-primaria"],"post_mailing_queue_ids":[],"_links":{"self":[{"href":"https:\/\/agora.xtec.cat\/escguillemisarn\/wp-json\/wp\/v2\/posts\/1561","targetHints":{"allow":["GET"]}}],"collection":[{"href":"https:\/\/agora.xtec.cat\/escguillemisarn\/wp-json\/wp\/v2\/posts"}],"about":[{"href":"https:\/\/agora.xtec.cat\/escguillemisarn\/wp-json\/wp\/v2\/types\/post"}],"author":[{"embeddable":true,"href":"https:\/\/agora.xtec.cat\/escguillemisarn\/wp-json\/wp\/v2\/users\/18"}],"replies":[{"embeddable":true,"href":"https:\/\/agora.xtec.cat\/escguillemisarn\/wp-json\/wp\/v2\/comments?post=1561"}],"version-history":[{"count":3,"href":"https:\/\/agora.xtec.cat\/escguillemisarn\/wp-json\/wp\/v2\/posts\/1561\/revisions"}],"predecessor-version":[{"id":1568,"href":"https:\/\/agora.xtec.cat\/escguillemisarn\/wp-json\/wp\/v2\/posts\/1561\/revisions\/1568"}],"wp:attachment":[{"href":"https:\/\/agora.xtec.cat\/escguillemisarn\/wp-json\/wp\/v2\/media?parent=1561"}],"wp:term":[{"taxonomy":"category","embeddable":true,"href":"https:\/\/agora.xtec.cat\/escguillemisarn\/wp-json\/wp\/v2\/categories?post=1561"},{"taxonomy":"post_tag","embeddable":true,"href":"https:\/\/agora.xtec.cat\/escguillemisarn\/wp-json\/wp\/v2\/tags?post=1561"}],"curies":[{"name":"wp","href":"https:\/\/api.w.org\/{rel}","templated":true}]}}