{"id":1547,"date":"2021-03-23T18:46:53","date_gmt":"2021-03-23T17:46:53","guid":{"rendered":"https:\/\/agora.xtec.cat\/escguillemisarn\/?p=1547"},"modified":"2021-03-23T18:46:53","modified_gmt":"2021-03-23T17:46:53","slug":"anem-a-collir-cicle-mitja","status":"publish","type":"post","link":"https:\/\/agora.xtec.cat\/escguillemisarn\/general\/anem-a-collir-cicle-mitja\/","title":{"rendered":"Anem a collir (Cicle Mitj\u00e0)"},"content":{"rendered":"<p>Hola fam\u00edlies. Ahir dilluns vam anar a collir els enciams i les escaroles de l&#8217;hort. Quines hortalisses!!! Quin goig!!! S\u00f3n productes km 0 i ecol\u00f2gics!!! Despr\u00e9s de fer un apassionant sorteig, els afortunats que es van emportar un producte tan desitjat van ser l&#8217;H\u00e8ctor, la Inas, l&#8217;Ikhlas, el Pablo, el Miguel i l&#8217;Oriol. Apa, a preparar una bona amanida i bon profit.<\/p>\n<p><a href=\"https:\/\/photos.app.goo.gl\/AdAUDY634ERFzi4h7\">https:\/\/photos.app.goo.gl\/AdAUDY634ERFzi4h7<\/a><\/p>\n","protected":false},"excerpt":{"rendered":"<p>Hola fam\u00edlies. Ahir dilluns vam anar a collir els enciams i les escaroles de l&#8217;hort. Quines hortalisses!!! Quin goig!!! S\u00f3n productes km 0 i ecol\u00f2gics!!! Despr\u00e9s de fer un apassionant sorteig, els afortunats que es van emportar un producte tan desitjat van ser l&#8217;H\u00e8ctor, la&hellip;  <a href=\"https:\/\/agora.xtec.cat\/escguillemisarn\/general\/anem-a-collir-cicle-mitja\/\" title=\"Read Anem a collir (Cicle Mitj\u00e0)\">Llegeix m\u00e9s\u00bb<\/a><\/p>\n","protected":false},"author":11,"featured_media":0,"comment_status":"open","ping_status":"closed","sticky":false,"template":"","format":"standard","meta":{"_bbp_topic_count":0,"_bbp_reply_count":0,"_bbp_total_topic_count":0,"_bbp_total_reply_count":0,"_bbp_voice_count":0,"_bbp_anonymous_reply_count":0,"_bbp_topic_count_hidden":0,"_bbp_reply_count_hidden":0,"_bbp_forum_subforum_count":0,"footnotes":""},"categories":[72,77,1,4,5],"tags":[],"class_list":["post-1547","post","type-post","status-publish","format-standard","hentry","category-cm","category-escola-verda","category-general","category-portada","category-primaria"],"post_mailing_queue_ids":[],"_links":{"self":[{"href":"https:\/\/agora.xtec.cat\/escguillemisarn\/wp-json\/wp\/v2\/posts\/1547","targetHints":{"allow":["GET"]}}],"collection":[{"href":"https:\/\/agora.xtec.cat\/escguillemisarn\/wp-json\/wp\/v2\/posts"}],"about":[{"href":"https:\/\/agora.xtec.cat\/escguillemisarn\/wp-json\/wp\/v2\/types\/post"}],"author":[{"embeddable":true,"href":"https:\/\/agora.xtec.cat\/escguillemisarn\/wp-json\/wp\/v2\/users\/11"}],"replies":[{"embeddable":true,"href":"https:\/\/agora.xtec.cat\/escguillemisarn\/wp-json\/wp\/v2\/comments?post=1547"}],"version-history":[{"count":2,"href":"https:\/\/agora.xtec.cat\/escguillemisarn\/wp-json\/wp\/v2\/posts\/1547\/revisions"}],"predecessor-version":[{"id":1549,"href":"https:\/\/agora.xtec.cat\/escguillemisarn\/wp-json\/wp\/v2\/posts\/1547\/revisions\/1549"}],"wp:attachment":[{"href":"https:\/\/agora.xtec.cat\/escguillemisarn\/wp-json\/wp\/v2\/media?parent=1547"}],"wp:term":[{"taxonomy":"category","embeddable":true,"href":"https:\/\/agora.xtec.cat\/escguillemisarn\/wp-json\/wp\/v2\/categories?post=1547"},{"taxonomy":"post_tag","embeddable":true,"href":"https:\/\/agora.xtec.cat\/escguillemisarn\/wp-json\/wp\/v2\/tags?post=1547"}],"curies":[{"name":"wp","href":"https:\/\/api.w.org\/{rel}","templated":true}]}}