{"id":1534,"date":"2021-03-16T12:33:59","date_gmt":"2021-03-16T11:33:59","guid":{"rendered":"https:\/\/agora.xtec.cat\/escguillemisarn\/?p=1534"},"modified":"2021-03-22T09:38:20","modified_gmt":"2021-03-22T08:38:20","slug":"escola-verda-animals-en-perill-dextincio","status":"publish","type":"post","link":"https:\/\/agora.xtec.cat\/escguillemisarn\/general\/escola-verda-animals-en-perill-dextincio\/","title":{"rendered":"ESCOLA VERDA: ANIMALS EN PERILL D&#8217;EXTINCI\u00d3"},"content":{"rendered":"<p>Aquest trimestre, dins del Projecte d&#8217;Escola Verda, hem treballat els animals en perill d&#8217;extinci\u00f3. Cada classe ha cercat informaci\u00f3 en llibres, revistes o internet, s&#8217;han visionat v\u00eddeos, hem escoltat a professionals que treballen en la recuperaci\u00f3 i cura d&#8217;animals en perill d&#8217;extinci\u00f3 a la nostra zona (associaci\u00f3 Trenca), &#8230; i amb tota aquesta informaci\u00f3 recollida hem elaborat murals i dossiers que hem penjat al RAC\u00d3 VERD de la nostra Escola. Hem pres consci\u00e8ncia d&#8217;aquesta problem\u00e0tica i que cal una protecci\u00f3 i cura d&#8217;aquestes esp\u00e8cies abans que desapareguin totalment del nostre planeta.<\/p>\n<p>Aqu\u00ed teniu el resultat!!!<\/p>\n<p><a href=\"https:\/\/agora.xtec.cat\/escguillemisarn\/wp-content\/uploads\/usu1631\/2021\/03\/IMG_20210316_115736.jpg\"><img loading=\"lazy\" decoding=\"async\" class=\"alignleft wp-image-1525 size-thumbnail\" src=\"https:\/\/agora.xtec.cat\/escguillemisarn\/wp-content\/uploads\/usu1631\/2021\/03\/IMG_20210316_115736-150x150.jpg\" alt=\"\" width=\"150\" height=\"150\" \/><\/a><a href=\"https:\/\/agora.xtec.cat\/escguillemisarn\/wp-content\/uploads\/usu1631\/2021\/03\/IMG_20210316_115704.jpg\"><img loading=\"lazy\" decoding=\"async\" class=\"alignleft wp-image-1524 size-thumbnail\" src=\"https:\/\/agora.xtec.cat\/escguillemisarn\/wp-content\/uploads\/usu1631\/2021\/03\/IMG_20210316_115704-150x150.jpg\" alt=\"\" width=\"150\" height=\"150\" \/><\/a><a href=\"https:\/\/agora.xtec.cat\/escguillemisarn\/wp-content\/uploads\/usu1631\/2021\/03\/IMG_20210316_115654.jpg\"><img loading=\"lazy\" decoding=\"async\" class=\"alignleft wp-image-1523 size-thumbnail\" src=\"https:\/\/agora.xtec.cat\/escguillemisarn\/wp-content\/uploads\/usu1631\/2021\/03\/IMG_20210316_115654-150x150.jpg\" alt=\"\" width=\"150\" height=\"150\" \/><\/a><a href=\"https:\/\/agora.xtec.cat\/escguillemisarn\/wp-content\/uploads\/usu1631\/2021\/03\/IMG_20210316_115643.jpg\"><img loading=\"lazy\" decoding=\"async\" class=\"alignleft wp-image-1522 size-thumbnail\" src=\"https:\/\/agora.xtec.cat\/escguillemisarn\/wp-content\/uploads\/usu1631\/2021\/03\/IMG_20210316_115643-150x150.jpg\" alt=\"\" width=\"150\" height=\"150\" \/><\/a><a href=\"https:\/\/agora.xtec.cat\/escguillemisarn\/wp-content\/uploads\/usu1631\/2021\/03\/IMG_20210316_115633.jpg\"><img loading=\"lazy\" decoding=\"async\" class=\"alignleft wp-image-1521 size-thumbnail\" src=\"https:\/\/agora.xtec.cat\/escguillemisarn\/wp-content\/uploads\/usu1631\/2021\/03\/IMG_20210316_115633-150x150.jpg\" alt=\"\" width=\"150\" height=\"150\" \/><\/a><\/p>\n","protected":false},"excerpt":{"rendered":"<p>Aquest trimestre, dins del Projecte d&#8217;Escola Verda, hem treballat els animals en perill d&#8217;extinci\u00f3. Cada classe ha cercat informaci\u00f3 en llibres, revistes o internet, s&#8217;han visionat v\u00eddeos, hem escoltat a professionals que treballen en la recuperaci\u00f3 i cura d&#8217;animals en perill d&#8217;extinci\u00f3 a la nostra&hellip;  <a href=\"https:\/\/agora.xtec.cat\/escguillemisarn\/general\/escola-verda-animals-en-perill-dextincio\/\" title=\"Read ESCOLA VERDA: ANIMALS EN PERILL D&#8217;EXTINCI\u00d3\">Llegeix m\u00e9s\u00bb<\/a><\/p>\n","protected":false},"author":1,"featured_media":0,"comment_status":"open","ping_status":"closed","sticky":false,"template":"","format":"standard","meta":{"_bbp_topic_count":0,"_bbp_reply_count":0,"_bbp_total_topic_count":0,"_bbp_total_reply_count":0,"_bbp_voice_count":0,"_bbp_anonymous_reply_count":0,"_bbp_topic_count_hidden":0,"_bbp_reply_count_hidden":0,"_bbp_forum_subforum_count":0,"footnotes":""},"categories":[77,1,2,4,5],"tags":[],"class_list":["post-1534","post","type-post","status-publish","format-standard","hentry","category-escola-verda","category-general","category-infantil","category-portada","category-primaria"],"post_mailing_queue_ids":[],"_links":{"self":[{"href":"https:\/\/agora.xtec.cat\/escguillemisarn\/wp-json\/wp\/v2\/posts\/1534","targetHints":{"allow":["GET"]}}],"collection":[{"href":"https:\/\/agora.xtec.cat\/escguillemisarn\/wp-json\/wp\/v2\/posts"}],"about":[{"href":"https:\/\/agora.xtec.cat\/escguillemisarn\/wp-json\/wp\/v2\/types\/post"}],"author":[{"embeddable":true,"href":"https:\/\/agora.xtec.cat\/escguillemisarn\/wp-json\/wp\/v2\/users\/1"}],"replies":[{"embeddable":true,"href":"https:\/\/agora.xtec.cat\/escguillemisarn\/wp-json\/wp\/v2\/comments?post=1534"}],"version-history":[{"count":2,"href":"https:\/\/agora.xtec.cat\/escguillemisarn\/wp-json\/wp\/v2\/posts\/1534\/revisions"}],"predecessor-version":[{"id":1543,"href":"https:\/\/agora.xtec.cat\/escguillemisarn\/wp-json\/wp\/v2\/posts\/1534\/revisions\/1543"}],"wp:attachment":[{"href":"https:\/\/agora.xtec.cat\/escguillemisarn\/wp-json\/wp\/v2\/media?parent=1534"}],"wp:term":[{"taxonomy":"category","embeddable":true,"href":"https:\/\/agora.xtec.cat\/escguillemisarn\/wp-json\/wp\/v2\/categories?post=1534"},{"taxonomy":"post_tag","embeddable":true,"href":"https:\/\/agora.xtec.cat\/escguillemisarn\/wp-json\/wp\/v2\/tags?post=1534"}],"curies":[{"name":"wp","href":"https:\/\/api.w.org\/{rel}","templated":true}]}}