{"id":1514,"date":"2021-03-15T13:01:46","date_gmt":"2021-03-15T12:01:46","guid":{"rendered":"https:\/\/agora.xtec.cat\/escguillemisarn\/?p=1514"},"modified":"2021-03-15T13:19:15","modified_gmt":"2021-03-15T12:19:15","slug":"taller-de-boles-de-llavors-a-infantil","status":"publish","type":"post","link":"https:\/\/agora.xtec.cat\/escguillemisarn\/general\/taller-de-boles-de-llavors-a-infantil\/","title":{"rendered":"TALLER DE BOLES DE LLAVORS A INFANTIL"},"content":{"rendered":"<p>Aquest divendres 12 de mar\u00e7 a educaci\u00f3 infantil hem realitzat un taller de boles de llavors anomenat &#8220;Nendo Dango&#8221;, la Tatiana ens ha explicat com pod\u00edem fer uns collarets plens de llavors de flors de primavera, fang i terra i despr\u00e9s ens els pod\u00edem emportar a casa per plantar i fer que creixin i es facin grans. Aquest taller est\u00e0 relacionat amb el projecte de l&#8217;hort que estem fent ara a les classes i amb l&#8217;Escola Verda. Ens ho hem passat molt b\u00e9 fent aquestes boles tant especials!!!!<\/p>\n<p><a href=\"https:\/\/agora.xtec.cat\/escguillemisarn\/wp-content\/uploads\/usu1631\/2021\/03\/c8077ba6-f621-480e-b5e1-6bc15ede07f0.jpg\"><img loading=\"lazy\" decoding=\"async\" class=\"wp-image-1516 alignleft\" src=\"https:\/\/agora.xtec.cat\/escguillemisarn\/wp-content\/uploads\/usu1631\/2021\/03\/c8077ba6-f621-480e-b5e1-6bc15ede07f0-768x1024.jpg\" alt=\"\" width=\"230\" height=\"306\" srcset=\"https:\/\/agora.xtec.cat\/escguillemisarn\/wp-content\/uploads\/usu1631\/2021\/03\/c8077ba6-f621-480e-b5e1-6bc15ede07f0.jpg 768w, https:\/\/agora.xtec.cat\/escguillemisarn\/wp-content\/uploads\/usu1631\/2021\/03\/c8077ba6-f621-480e-b5e1-6bc15ede07f0-225x300.jpg 225w\" sizes=\"auto, (max-width: 230px) 100vw, 230px\" \/><\/a><\/p>\n<p><a href=\"https:\/\/photos.app.goo.gl\/xuFaRcYBCMoXkPkv6\">https:\/\/photos.app.goo.gl\/xuFaRcYBCMoXkPkv6<\/a><\/p>\n","protected":false},"excerpt":{"rendered":"<p>Aquest divendres 12 de mar\u00e7 a educaci\u00f3 infantil hem realitzat un taller de boles de llavors anomenat &#8220;Nendo Dango&#8221;, la Tatiana ens ha explicat com pod\u00edem fer uns collarets plens de llavors de flors de primavera, fang i terra i despr\u00e9s ens els pod\u00edem emportar&hellip;  <a href=\"https:\/\/agora.xtec.cat\/escguillemisarn\/general\/taller-de-boles-de-llavors-a-infantil\/\" title=\"Read TALLER DE BOLES DE LLAVORS A INFANTIL\">Llegeix m\u00e9s\u00bb<\/a><\/p>\n","protected":false},"author":20,"featured_media":0,"comment_status":"open","ping_status":"closed","sticky":false,"template":"","format":"standard","meta":{"_bbp_topic_count":0,"_bbp_reply_count":0,"_bbp_total_topic_count":0,"_bbp_total_reply_count":0,"_bbp_voice_count":0,"_bbp_anonymous_reply_count":0,"_bbp_topic_count_hidden":0,"_bbp_reply_count_hidden":0,"_bbp_forum_subforum_count":0,"footnotes":""},"categories":[77,1,2,4],"tags":[],"class_list":["post-1514","post","type-post","status-publish","format-standard","hentry","category-escola-verda","category-general","category-infantil","category-portada"],"post_mailing_queue_ids":[],"_links":{"self":[{"href":"https:\/\/agora.xtec.cat\/escguillemisarn\/wp-json\/wp\/v2\/posts\/1514","targetHints":{"allow":["GET"]}}],"collection":[{"href":"https:\/\/agora.xtec.cat\/escguillemisarn\/wp-json\/wp\/v2\/posts"}],"about":[{"href":"https:\/\/agora.xtec.cat\/escguillemisarn\/wp-json\/wp\/v2\/types\/post"}],"author":[{"embeddable":true,"href":"https:\/\/agora.xtec.cat\/escguillemisarn\/wp-json\/wp\/v2\/users\/20"}],"replies":[{"embeddable":true,"href":"https:\/\/agora.xtec.cat\/escguillemisarn\/wp-json\/wp\/v2\/comments?post=1514"}],"version-history":[{"count":3,"href":"https:\/\/agora.xtec.cat\/escguillemisarn\/wp-json\/wp\/v2\/posts\/1514\/revisions"}],"predecessor-version":[{"id":1518,"href":"https:\/\/agora.xtec.cat\/escguillemisarn\/wp-json\/wp\/v2\/posts\/1514\/revisions\/1518"}],"wp:attachment":[{"href":"https:\/\/agora.xtec.cat\/escguillemisarn\/wp-json\/wp\/v2\/media?parent=1514"}],"wp:term":[{"taxonomy":"category","embeddable":true,"href":"https:\/\/agora.xtec.cat\/escguillemisarn\/wp-json\/wp\/v2\/categories?post=1514"},{"taxonomy":"post_tag","embeddable":true,"href":"https:\/\/agora.xtec.cat\/escguillemisarn\/wp-json\/wp\/v2\/tags?post=1514"}],"curies":[{"name":"wp","href":"https:\/\/api.w.org\/{rel}","templated":true}]}}