{"id":1475,"date":"2021-03-11T11:50:07","date_gmt":"2021-03-11T10:50:07","guid":{"rendered":"https:\/\/agora.xtec.cat\/escguillemisarn\/?p=1475"},"modified":"2021-03-11T11:51:03","modified_gmt":"2021-03-11T10:51:03","slug":"saint-patricks-day","status":"publish","type":"post","link":"https:\/\/agora.xtec.cat\/escguillemisarn\/general\/saint-patricks-day\/","title":{"rendered":"SAINT PATRICK\u2019S DAY"},"content":{"rendered":"<p>&nbsp;<\/p>\n<p><strong>SAINT PATRICK\u2019S DAY<\/strong><\/p>\n<p><a href=\"https:\/\/agora.xtec.cat\/escguillemisarn\/wp-content\/uploads\/usu1631\/2021\/03\/PATRICK.jpg\"><img loading=\"lazy\" decoding=\"async\" class=\"alignleft wp-image-1476\" src=\"https:\/\/agora.xtec.cat\/escguillemisarn\/wp-content\/uploads\/usu1631\/2021\/03\/PATRICK.jpg\" alt=\"\" width=\"184\" height=\"106\" srcset=\"https:\/\/agora.xtec.cat\/escguillemisarn\/wp-content\/uploads\/usu1631\/2021\/03\/PATRICK.jpg 525w, https:\/\/agora.xtec.cat\/escguillemisarn\/wp-content\/uploads\/usu1631\/2021\/03\/PATRICK-300x173.jpg 300w\" sizes=\"auto, (max-width: 184px) 100vw, 184px\" \/><\/a>El dimecres 17 de mar\u00e7 celebrarem <u>Saint Patrick&#8217;s Day<\/u>,\u00a0 \u00e9s la festa patronal d&#8217;<a href=\"https:\/\/ca.wikipedia.org\/wiki\/Irlanda\">Irlanda<\/a>, en honor del seu sant patr\u00f3,\u00a0<a href=\"https:\/\/ca.wikipedia.org\/wiki\/Patrici_d%27Irlanda\">Patrici d&#8217;Irlanda<\/a>. Est\u00e0 associada amb s\u00edmbols com el color\u00a0<a href=\"https:\/\/ca.wikipedia.org\/wiki\/Verd\">verd<\/a>, i el\u00a0<a href=\"https:\/\/ca.wikipedia.org\/wiki\/Shamrock\"><em>shamrock<\/em><\/a>\u00a0o\u00a0<a href=\"https:\/\/ca.wikipedia.org\/wiki\/Tr%C3%A8vol\">tr\u00e8vol<\/a>.<\/p>\n<p>\u00c9s tradici\u00f3 portar alguna cosa de color verd o posar-se un tr\u00e8vol a la solapa. Us demanem que aquell dia els nens\/es portin roba i complements de color verd.<\/p>\n<p>Us deixem una can\u00e7\u00f3 de Saint Patrick\u2019s Day.<\/p>\n<p><a href=\"https:\/\/www.youtube.com\/watch?v=BSJsP_EBhR4\">https:\/\/www.youtube.com\/watch?v=BSJsP_EBhR4<\/a><\/p>\n","protected":false},"excerpt":{"rendered":"<p>&nbsp;<br \/>\nSAINT PATRICK\u2019S DAY<br \/>\n<a href=\"https:\/\/agora.xtec.cat\/escguillemisarn\/wp-content\/uploads\/usu1631\/2021\/03\/PATRICK.jpg\"><\/a>El dimecres 17 de mar\u00e7 celebrarem Saint Patrick&#8217;s Day,\u00a0 \u00e9s la festa patronal d&#8217;<a href=\"https:\/\/ca.wikipedia.org\/wiki\/Irlanda\">Irlanda<\/a>, en honor del seu sant patr\u00f3,\u00a0<a href=\"https:\/\/ca.wikipedia.org\/wiki\/Patrici_d%27Irlanda\">Patrici d&#8217;Irlanda<\/a>. Est\u00e0 associada amb s\u00edmbols com el color\u00a0<a href=\"https:\/\/ca.wikipedia.org\/wiki\/Verd\">verd<\/a>, i el\u00a0<a href=\"https:\/\/ca.wikipedia.org\/wiki\/Shamrock\">shamrock<\/a>\u00a0o\u00a0<a href=\"https:\/\/ca.wikipedia.org\/wiki\/Tr%C3%A8vol\">tr\u00e8vol<\/a>.<br \/>\n\u00c9s tradici\u00f3 portar alguna cosa de color verd&hellip;  <a href=\"https:\/\/agora.xtec.cat\/escguillemisarn\/general\/saint-patricks-day\/\" title=\"Read SAINT PATRICK\u2019S DAY\">Llegeix m\u00e9s\u00bb<\/a><\/p>\n","protected":false},"author":1,"featured_media":1477,"comment_status":"open","ping_status":"closed","sticky":false,"template":"","format":"standard","meta":{"_bbp_topic_count":0,"_bbp_reply_count":0,"_bbp_total_topic_count":0,"_bbp_total_reply_count":0,"_bbp_voice_count":0,"_bbp_anonymous_reply_count":0,"_bbp_topic_count_hidden":0,"_bbp_reply_count_hidden":0,"_bbp_forum_subforum_count":0,"footnotes":""},"categories":[76,1,2,4,5],"tags":[],"class_list":["post-1475","post","type-post","status-publish","format-standard","has-post-thumbnail","hentry","category-artscrafts","category-general","category-infantil","category-portada","category-primaria"],"post_mailing_queue_ids":[],"_links":{"self":[{"href":"https:\/\/agora.xtec.cat\/escguillemisarn\/wp-json\/wp\/v2\/posts\/1475","targetHints":{"allow":["GET"]}}],"collection":[{"href":"https:\/\/agora.xtec.cat\/escguillemisarn\/wp-json\/wp\/v2\/posts"}],"about":[{"href":"https:\/\/agora.xtec.cat\/escguillemisarn\/wp-json\/wp\/v2\/types\/post"}],"author":[{"embeddable":true,"href":"https:\/\/agora.xtec.cat\/escguillemisarn\/wp-json\/wp\/v2\/users\/1"}],"replies":[{"embeddable":true,"href":"https:\/\/agora.xtec.cat\/escguillemisarn\/wp-json\/wp\/v2\/comments?post=1475"}],"version-history":[{"count":2,"href":"https:\/\/agora.xtec.cat\/escguillemisarn\/wp-json\/wp\/v2\/posts\/1475\/revisions"}],"predecessor-version":[{"id":1479,"href":"https:\/\/agora.xtec.cat\/escguillemisarn\/wp-json\/wp\/v2\/posts\/1475\/revisions\/1479"}],"wp:featuredmedia":[{"embeddable":true,"href":"https:\/\/agora.xtec.cat\/escguillemisarn\/wp-json\/wp\/v2\/media\/1477"}],"wp:attachment":[{"href":"https:\/\/agora.xtec.cat\/escguillemisarn\/wp-json\/wp\/v2\/media?parent=1475"}],"wp:term":[{"taxonomy":"category","embeddable":true,"href":"https:\/\/agora.xtec.cat\/escguillemisarn\/wp-json\/wp\/v2\/categories?post=1475"},{"taxonomy":"post_tag","embeddable":true,"href":"https:\/\/agora.xtec.cat\/escguillemisarn\/wp-json\/wp\/v2\/tags?post=1475"}],"curies":[{"name":"wp","href":"https:\/\/api.w.org\/{rel}","templated":true}]}}