{"id":1466,"date":"2021-03-09T13:04:26","date_gmt":"2021-03-09T12:04:26","guid":{"rendered":"https:\/\/agora.xtec.cat\/escguillemisarn\/?p=1466"},"modified":"2021-03-10T14:55:02","modified_gmt":"2021-03-10T13:55:02","slug":"4t-celebra-el-dia-internacional-de-la-dona","status":"publish","type":"post","link":"https:\/\/agora.xtec.cat\/escguillemisarn\/general\/4t-celebra-el-dia-internacional-de-la-dona\/","title":{"rendered":"4T CELEBRA EL DIA INTERNACIONAL DE LA DONA"},"content":{"rendered":"<p><a href=\"https:\/\/agora.xtec.cat\/escguillemisarn\/wp-content\/uploads\/usu1631\/2021\/03\/lazo-morado-985x1024.jpg\"><img loading=\"lazy\" decoding=\"async\" class=\"alignleft  wp-image-1473\" src=\"https:\/\/agora.xtec.cat\/escguillemisarn\/wp-content\/uploads\/usu1631\/2021\/03\/lazo-morado-985x1024.jpg\" alt=\"\" width=\"168\" height=\"175\" srcset=\"https:\/\/agora.xtec.cat\/escguillemisarn\/wp-content\/uploads\/usu1631\/2021\/03\/lazo-morado-985x1024.jpg 985w, https:\/\/agora.xtec.cat\/escguillemisarn\/wp-content\/uploads\/usu1631\/2021\/03\/lazo-morado-985x1024-289x300.jpg 289w, https:\/\/agora.xtec.cat\/escguillemisarn\/wp-content\/uploads\/usu1631\/2021\/03\/lazo-morado-985x1024-768x798.jpg 768w\" sizes=\"auto, (max-width: 168px) 100vw, 168px\" \/><\/a>L&#8217;alumnat de 4t de prim\u00e0ria va celebrar ahir dia 8 de mar\u00e7 el Dia Internacional de la Dona fent unes banderoles sobre les dones m\u00e9s importants de la seva vida. Tamb\u00e9 vam fer una descoberta sobre algunes de les dones m\u00e9s rellevants de la hist\u00f2ria tot seguint una s\u00e8rie de pistes repartides per l&#8217;escola.<\/p>\n<p>Us deixem un recull d&#8217;imatges i un v\u00eddeo sobre el proc\u00e9s i el resultat final de les activitats.<\/p>\n<p><a href=\"https:\/\/drive.google.com\/drive\/folders\/1IHH5wIQGMcrBXjGpoeJ5eVKAgeU2wtIp?usp=sharing\">https:\/\/drive.google.com\/drive\/folders\/1IHH5wIQGMcrBXjGpoeJ5eVKAgeU2wtIp?usp=sharing<\/a><\/p>\n","protected":false},"excerpt":{"rendered":"<p><a href=\"https:\/\/agora.xtec.cat\/escguillemisarn\/wp-content\/uploads\/usu1631\/2021\/03\/lazo-morado-985x1024.jpg\"><\/a>L&#8217;alumnat de 4t de prim\u00e0ria va celebrar ahir dia 8 de mar\u00e7 el Dia Internacional de la Dona fent unes banderoles sobre les dones m\u00e9s importants de la seva vida. Tamb\u00e9 vam fer una descoberta sobre algunes de les dones m\u00e9s rellevants de la&hellip;  <a href=\"https:\/\/agora.xtec.cat\/escguillemisarn\/general\/4t-celebra-el-dia-internacional-de-la-dona\/\" title=\"Read 4T CELEBRA EL DIA INTERNACIONAL DE LA DONA\">Llegeix m\u00e9s\u00bb<\/a><\/p>\n","protected":false},"author":7,"featured_media":0,"comment_status":"open","ping_status":"closed","sticky":false,"template":"","format":"standard","meta":{"_bbp_topic_count":0,"_bbp_reply_count":0,"_bbp_total_topic_count":0,"_bbp_total_reply_count":0,"_bbp_voice_count":0,"_bbp_anonymous_reply_count":0,"_bbp_topic_count_hidden":0,"_bbp_reply_count_hidden":0,"_bbp_forum_subforum_count":0,"footnotes":""},"categories":[72,1,4,5],"tags":[],"class_list":["post-1466","post","type-post","status-publish","format-standard","hentry","category-cm","category-general","category-portada","category-primaria"],"post_mailing_queue_ids":[],"_links":{"self":[{"href":"https:\/\/agora.xtec.cat\/escguillemisarn\/wp-json\/wp\/v2\/posts\/1466","targetHints":{"allow":["GET"]}}],"collection":[{"href":"https:\/\/agora.xtec.cat\/escguillemisarn\/wp-json\/wp\/v2\/posts"}],"about":[{"href":"https:\/\/agora.xtec.cat\/escguillemisarn\/wp-json\/wp\/v2\/types\/post"}],"author":[{"embeddable":true,"href":"https:\/\/agora.xtec.cat\/escguillemisarn\/wp-json\/wp\/v2\/users\/7"}],"replies":[{"embeddable":true,"href":"https:\/\/agora.xtec.cat\/escguillemisarn\/wp-json\/wp\/v2\/comments?post=1466"}],"version-history":[{"count":2,"href":"https:\/\/agora.xtec.cat\/escguillemisarn\/wp-json\/wp\/v2\/posts\/1466\/revisions"}],"predecessor-version":[{"id":1474,"href":"https:\/\/agora.xtec.cat\/escguillemisarn\/wp-json\/wp\/v2\/posts\/1466\/revisions\/1474"}],"wp:attachment":[{"href":"https:\/\/agora.xtec.cat\/escguillemisarn\/wp-json\/wp\/v2\/media?parent=1466"}],"wp:term":[{"taxonomy":"category","embeddable":true,"href":"https:\/\/agora.xtec.cat\/escguillemisarn\/wp-json\/wp\/v2\/categories?post=1466"},{"taxonomy":"post_tag","embeddable":true,"href":"https:\/\/agora.xtec.cat\/escguillemisarn\/wp-json\/wp\/v2\/tags?post=1466"}],"curies":[{"name":"wp","href":"https:\/\/api.w.org\/{rel}","templated":true}]}}