{"id":1464,"date":"2021-03-08T14:54:46","date_gmt":"2021-03-08T13:54:46","guid":{"rendered":"https:\/\/agora.xtec.cat\/escguillemisarn\/?p=1464"},"modified":"2021-03-10T14:49:39","modified_gmt":"2021-03-10T13:49:39","slug":"dia-de-la-dona-al-cicle-superior","status":"publish","type":"post","link":"https:\/\/agora.xtec.cat\/escguillemisarn\/general\/dia-de-la-dona-al-cicle-superior\/","title":{"rendered":"DIA DE LA DONA AL CICLE SUPERIOR"},"content":{"rendered":"<p><a href=\"https:\/\/agora.xtec.cat\/escguillemisarn\/wp-content\/uploads\/usu1631\/2021\/03\/unnamed.jpg\"><img loading=\"lazy\" decoding=\"async\" class=\"alignleft wp-image-1468\" src=\"https:\/\/agora.xtec.cat\/escguillemisarn\/wp-content\/uploads\/usu1631\/2021\/03\/unnamed.jpg\" alt=\"\" width=\"264\" height=\"192\" srcset=\"https:\/\/agora.xtec.cat\/escguillemisarn\/wp-content\/uploads\/usu1631\/2021\/03\/unnamed.jpg 512w, https:\/\/agora.xtec.cat\/escguillemisarn\/wp-content\/uploads\/usu1631\/2021\/03\/unnamed-300x219.jpg 300w\" sizes=\"auto, (max-width: 264px) 100vw, 264px\" \/><\/a>L&#8217;alumnat del Cicle Superior hem volgut commemorar el DIA DE LA DONA i, per fer-ho, hem utilitzat el material editat per l&#8217;Institut de la Dona anomenat :<strong> &#8220;Les 100 fites del feminisme<\/strong>&#8220;.<\/p>\n<p>100 fites del feminisme i algun entrebanc \u00e9s una proposta\u00a0 per<br \/>\ncommemorar el dia 8 de mar\u00e7 \u2013 Dia Internacional de les Dones d\u2019aquest any 2021.<br \/>\nL\u2019objectiu \u00e9s difondre d\u2019una manera l\u00fadica les reivindicacions del moviment feminista<br \/>\ni quant s\u2019ha tardat en aconseguir-ne algunes, ja que n\u2019hi ha que encara s\u2019estan<br \/>\nreclamant.<\/p>\n<p>Es tracta de treballar un\u00a0 llistat de fites del feminisme a nivell catal\u00e0, estatal i<br \/>\ninternacional. Hem incl\u00f2s tamb\u00e9 algun entrebanc. Hi ha les fites que hi ha, per\u00f2 no hi<br \/>\ns\u00f3n totes. A aquest llistat l\u2019acompanyen 100 imatges d\u2019aquestes fites. Les de l\u2019\u00e0mbit<br \/>\ncatal\u00e0 tenen un fons rosat, les de l\u2019estatal un fons blav\u00f3s i les de l\u2019internacional un<br \/>\nfons ataronjat per tal que puguin distingir-se.<\/p>\n<p>Entenem tamb\u00e9 com a fites, l\u2019assumpci\u00f3 de reivindicacions feministes per part dels<br \/>\norganismes internacionals i de les administracions p\u00fabliques. Les consecucions<br \/>\nindividuals de les dones tamb\u00e9 les considerem fites del feminisme ja que aquest<br \/>\nmoviment ha reivindicat drets com l\u2019acc\u00e9s a l\u2019educaci\u00f3 que un cop aconseguits han<br \/>\najudat a aquestes dones en els seus \u00e8xits.<\/p>\n<p>Per treballar aquestes fites, ho hem fet amb un joc semblant al Joc de l&#8217;oca. Cada fita ens ajuda a seguir endavant, per\u00f2 tamb\u00e9 hem trobat diferents entrebancs que ens han fet retrocedir.<\/p>\n<p>Ha estat una bona manera de repassar totes les reivindicacions del moviment feminista d&#8217;aquests darrers anys.<\/p>\n<p>&nbsp;<\/p>\n<p><a href=\"https:\/\/photos.app.goo.gl\/Jg4W2zQ8SxguF4La6\">https:\/\/photos.app.goo.gl\/Jg4W2zQ8SxguF4La6<\/a><\/p>\n<p>&nbsp;<\/p>\n","protected":false},"excerpt":{"rendered":"<p><a href=\"https:\/\/agora.xtec.cat\/escguillemisarn\/wp-content\/uploads\/usu1631\/2021\/03\/unnamed.jpg\"><\/a>L&#8217;alumnat del Cicle Superior hem volgut commemorar el DIA DE LA DONA i, per fer-ho, hem utilitzat el material editat per l&#8217;Institut de la Dona anomenat : &#8220;Les 100 fites del feminisme&#8220;.<br \/>\n100 fites del feminisme i algun entrebanc \u00e9s una proposta\u00a0 per<br \/>\ncommemorar el dia&hellip;  <a href=\"https:\/\/agora.xtec.cat\/escguillemisarn\/general\/dia-de-la-dona-al-cicle-superior\/\" title=\"Read DIA DE LA DONA AL CICLE SUPERIOR\">Llegeix m\u00e9s\u00bb<\/a><\/p>\n","protected":false},"author":1,"featured_media":0,"comment_status":"open","ping_status":"closed","sticky":false,"template":"","format":"standard","meta":{"_bbp_topic_count":0,"_bbp_reply_count":0,"_bbp_total_topic_count":0,"_bbp_total_reply_count":0,"_bbp_voice_count":0,"_bbp_anonymous_reply_count":0,"_bbp_topic_count_hidden":0,"_bbp_reply_count_hidden":0,"_bbp_forum_subforum_count":0,"footnotes":""},"categories":[73,1,4],"tags":[],"class_list":["post-1464","post","type-post","status-publish","format-standard","hentry","category-cs","category-general","category-portada"],"post_mailing_queue_ids":[],"_links":{"self":[{"href":"https:\/\/agora.xtec.cat\/escguillemisarn\/wp-json\/wp\/v2\/posts\/1464","targetHints":{"allow":["GET"]}}],"collection":[{"href":"https:\/\/agora.xtec.cat\/escguillemisarn\/wp-json\/wp\/v2\/posts"}],"about":[{"href":"https:\/\/agora.xtec.cat\/escguillemisarn\/wp-json\/wp\/v2\/types\/post"}],"author":[{"embeddable":true,"href":"https:\/\/agora.xtec.cat\/escguillemisarn\/wp-json\/wp\/v2\/users\/1"}],"replies":[{"embeddable":true,"href":"https:\/\/agora.xtec.cat\/escguillemisarn\/wp-json\/wp\/v2\/comments?post=1464"}],"version-history":[{"count":3,"href":"https:\/\/agora.xtec.cat\/escguillemisarn\/wp-json\/wp\/v2\/posts\/1464\/revisions"}],"predecessor-version":[{"id":1470,"href":"https:\/\/agora.xtec.cat\/escguillemisarn\/wp-json\/wp\/v2\/posts\/1464\/revisions\/1470"}],"wp:attachment":[{"href":"https:\/\/agora.xtec.cat\/escguillemisarn\/wp-json\/wp\/v2\/media?parent=1464"}],"wp:term":[{"taxonomy":"category","embeddable":true,"href":"https:\/\/agora.xtec.cat\/escguillemisarn\/wp-json\/wp\/v2\/categories?post=1464"},{"taxonomy":"post_tag","embeddable":true,"href":"https:\/\/agora.xtec.cat\/escguillemisarn\/wp-json\/wp\/v2\/tags?post=1464"}],"curies":[{"name":"wp","href":"https:\/\/api.w.org\/{rel}","templated":true}]}}