{"id":1444,"date":"2021-02-26T10:34:21","date_gmt":"2021-02-26T09:34:21","guid":{"rendered":"https:\/\/agora.xtec.cat\/escguillemisarn\/?p=1444"},"modified":"2021-02-26T10:34:21","modified_gmt":"2021-02-26T09:34:21","slug":"estrenem-aula-dinformatica","status":"publish","type":"post","link":"https:\/\/agora.xtec.cat\/escguillemisarn\/general\/estrenem-aula-dinformatica\/","title":{"rendered":"Estrenem aula d&#8217;inform\u00e0tica"},"content":{"rendered":"<p><a href=\"https:\/\/agora.xtec.cat\/escguillemisarn\/wp-content\/uploads\/usu1631\/2021\/02\/1120x630_TIC_educacion_posgrado.jpg\"><img loading=\"lazy\" decoding=\"async\" class=\"wp-image-1445 alignleft\" src=\"https:\/\/agora.xtec.cat\/escguillemisarn\/wp-content\/uploads\/usu1631\/2021\/02\/1120x630_TIC_educacion_posgrado-1024x576.jpg\" alt=\"\" width=\"252\" height=\"142\" srcset=\"https:\/\/agora.xtec.cat\/escguillemisarn\/wp-content\/uploads\/usu1631\/2021\/02\/1120x630_TIC_educacion_posgrado-1024x576.jpg 1024w, https:\/\/agora.xtec.cat\/escguillemisarn\/wp-content\/uploads\/usu1631\/2021\/02\/1120x630_TIC_educacion_posgrado-300x169.jpg 300w, https:\/\/agora.xtec.cat\/escguillemisarn\/wp-content\/uploads\/usu1631\/2021\/02\/1120x630_TIC_educacion_posgrado-768x432.jpg 768w, https:\/\/agora.xtec.cat\/escguillemisarn\/wp-content\/uploads\/usu1631\/2021\/02\/1120x630_TIC_educacion_posgrado.jpg 1120w\" sizes=\"auto, (max-width: 252px) 100vw, 252px\" \/><\/a>L&#8217;escola est\u00e0 d&#8217;enhorabona!!!<\/p>\n<p>Les tecnologies de la informaci\u00f3 i la comunicaci\u00f3 de la mateixa manera que les tecnologies de l&#8217;aprenentatge i el coneixement ens obren uns munt de recursos que l&#8217;escola del segle XXI no pot deixar de banda. Per aquest motiu, s&#8217;ha fet una aposta clara per la renovaci\u00f3 del maquinari de l&#8217;aula d&#8217;inform\u00e0tica. Passem d&#8217;uns ordinadors lents i amb sistemes operatius antics, a uns ordinadors de nova generaci\u00f3 i molt m\u00e9s r\u00e0pids, fet que ens permetr\u00e0 optimitzar el temps quan anem a treballar en aquesta aula.<\/p>\n<p>Si voleu veure com ha quedat, cliqueu a l&#8217;enlla\u00e7:<\/p>\n<p><a href=\"https:\/\/photos.app.goo.gl\/1Qk9Q1L5UKZ17tts7\">https:\/\/photos.app.goo.gl\/1Qk9Q1L5UKZ17tts7<\/a><\/p>\n","protected":false},"excerpt":{"rendered":"<p><a href=\"https:\/\/agora.xtec.cat\/escguillemisarn\/wp-content\/uploads\/usu1631\/2021\/02\/1120x630_TIC_educacion_posgrado.jpg\"><\/a>L&#8217;escola est\u00e0 d&#8217;enhorabona!!!<br \/>\nLes tecnologies de la informaci\u00f3 i la comunicaci\u00f3 de la mateixa manera que les tecnologies de l&#8217;aprenentatge i el coneixement ens obren uns munt de recursos que l&#8217;escola del segle XXI no pot deixar de banda. Per aquest motiu, s&#8217;ha fet una&hellip;  <a href=\"https:\/\/agora.xtec.cat\/escguillemisarn\/general\/estrenem-aula-dinformatica\/\" title=\"Read Estrenem aula d&#8217;inform\u00e0tica\">Llegeix m\u00e9s\u00bb<\/a><\/p>\n","protected":false},"author":18,"featured_media":0,"comment_status":"open","ping_status":"closed","sticky":false,"template":"","format":"standard","meta":{"_bbp_topic_count":0,"_bbp_reply_count":0,"_bbp_total_topic_count":0,"_bbp_total_reply_count":0,"_bbp_voice_count":0,"_bbp_anonymous_reply_count":0,"_bbp_topic_count_hidden":0,"_bbp_reply_count_hidden":0,"_bbp_forum_subforum_count":0,"footnotes":""},"categories":[71,72,73,1,2,4,5],"tags":[],"class_list":["post-1444","post","type-post","status-publish","format-standard","hentry","category-ci","category-cm","category-cs","category-general","category-infantil","category-portada","category-primaria"],"post_mailing_queue_ids":[],"_links":{"self":[{"href":"https:\/\/agora.xtec.cat\/escguillemisarn\/wp-json\/wp\/v2\/posts\/1444","targetHints":{"allow":["GET"]}}],"collection":[{"href":"https:\/\/agora.xtec.cat\/escguillemisarn\/wp-json\/wp\/v2\/posts"}],"about":[{"href":"https:\/\/agora.xtec.cat\/escguillemisarn\/wp-json\/wp\/v2\/types\/post"}],"author":[{"embeddable":true,"href":"https:\/\/agora.xtec.cat\/escguillemisarn\/wp-json\/wp\/v2\/users\/18"}],"replies":[{"embeddable":true,"href":"https:\/\/agora.xtec.cat\/escguillemisarn\/wp-json\/wp\/v2\/comments?post=1444"}],"version-history":[{"count":1,"href":"https:\/\/agora.xtec.cat\/escguillemisarn\/wp-json\/wp\/v2\/posts\/1444\/revisions"}],"predecessor-version":[{"id":1446,"href":"https:\/\/agora.xtec.cat\/escguillemisarn\/wp-json\/wp\/v2\/posts\/1444\/revisions\/1446"}],"wp:attachment":[{"href":"https:\/\/agora.xtec.cat\/escguillemisarn\/wp-json\/wp\/v2\/media?parent=1444"}],"wp:term":[{"taxonomy":"category","embeddable":true,"href":"https:\/\/agora.xtec.cat\/escguillemisarn\/wp-json\/wp\/v2\/categories?post=1444"},{"taxonomy":"post_tag","embeddable":true,"href":"https:\/\/agora.xtec.cat\/escguillemisarn\/wp-json\/wp\/v2\/tags?post=1444"}],"curies":[{"name":"wp","href":"https:\/\/api.w.org\/{rel}","templated":true}]}}