{"id":1414,"date":"2021-02-23T12:31:23","date_gmt":"2021-02-23T11:31:23","guid":{"rendered":"https:\/\/agora.xtec.cat\/escguillemisarn\/?p=1414"},"modified":"2021-02-23T12:31:23","modified_gmt":"2021-02-23T11:31:23","slug":"mascota-escola-verda","status":"publish","type":"post","link":"https:\/\/agora.xtec.cat\/escguillemisarn\/general\/mascota-escola-verda\/","title":{"rendered":"MASCOTA ESCOLA VERDA"},"content":{"rendered":"<p>El curs passat vam fer un concurs de dibuix entre tot l&#8217;alumnat de l&#8217;Escola per triar la mascota de la nostra Escola Verda. El dibuix guanyador va ser el de l&#8217;alumne JOSEP PALL\u00c0S. Aquest curs hem volgut anar una mica m\u00e9s enll\u00e0 i, seguint el disseny del Josep, hem constru\u00eft la nostra mascota amb volum. Cal agrair la tasca feta per la Gemma i la Iolanda que han aconseguit construir la nostra mascota seguint el dibuix del Josep. Ha quedat genial!!!<\/p>\n<p>Ara ens falta posar-li nom, entre tot l&#8217;alumnat de l&#8217;Escola el triarem. Ens ajudeu?<\/p>\n<p>Visca la nostra mascota!!!<\/p>\n<p>&nbsp;<\/p>\n<p><a href=\"https:\/\/agora.xtec.cat\/escguillemisarn\/wp-content\/uploads\/usu1631\/2021\/02\/20210223_122041.jpg\"><img loading=\"lazy\" decoding=\"async\" class=\"aligncenter size-full wp-image-1415\" src=\"https:\/\/agora.xtec.cat\/escguillemisarn\/wp-content\/uploads\/usu1631\/2021\/02\/20210223_122041.jpg\" alt=\"\" width=\"448\" height=\"336\" srcset=\"https:\/\/agora.xtec.cat\/escguillemisarn\/wp-content\/uploads\/usu1631\/2021\/02\/20210223_122041.jpg 448w, https:\/\/agora.xtec.cat\/escguillemisarn\/wp-content\/uploads\/usu1631\/2021\/02\/20210223_122041-300x225.jpg 300w, https:\/\/agora.xtec.cat\/escguillemisarn\/wp-content\/uploads\/usu1631\/2021\/02\/20210223_122041-200x150.jpg 200w\" sizes=\"auto, (max-width: 448px) 100vw, 448px\" \/><\/a> <a href=\"https:\/\/agora.xtec.cat\/escguillemisarn\/wp-content\/uploads\/usu1631\/2021\/02\/20210223_122106.jpg\"><img loading=\"lazy\" decoding=\"async\" class=\"aligncenter size-full wp-image-1416\" src=\"https:\/\/agora.xtec.cat\/escguillemisarn\/wp-content\/uploads\/usu1631\/2021\/02\/20210223_122106.jpg\" alt=\"\" width=\"448\" height=\"336\" srcset=\"https:\/\/agora.xtec.cat\/escguillemisarn\/wp-content\/uploads\/usu1631\/2021\/02\/20210223_122106.jpg 448w, https:\/\/agora.xtec.cat\/escguillemisarn\/wp-content\/uploads\/usu1631\/2021\/02\/20210223_122106-300x225.jpg 300w, https:\/\/agora.xtec.cat\/escguillemisarn\/wp-content\/uploads\/usu1631\/2021\/02\/20210223_122106-200x150.jpg 200w\" sizes=\"auto, (max-width: 448px) 100vw, 448px\" \/><\/a><\/p>\n","protected":false},"excerpt":{"rendered":"<p>El curs passat vam fer un concurs de dibuix entre tot l&#8217;alumnat de l&#8217;Escola per triar la mascota de la nostra Escola Verda. El dibuix guanyador va ser el de l&#8217;alumne JOSEP PALL\u00c0S. Aquest curs hem volgut anar una mica m\u00e9s enll\u00e0 i, seguint el&hellip;  <a href=\"https:\/\/agora.xtec.cat\/escguillemisarn\/general\/mascota-escola-verda\/\" title=\"Read MASCOTA ESCOLA VERDA\">Llegeix m\u00e9s\u00bb<\/a><\/p>\n","protected":false},"author":1,"featured_media":0,"comment_status":"open","ping_status":"closed","sticky":false,"template":"","format":"standard","meta":{"_bbp_topic_count":0,"_bbp_reply_count":0,"_bbp_total_topic_count":0,"_bbp_total_reply_count":0,"_bbp_voice_count":0,"_bbp_anonymous_reply_count":0,"_bbp_topic_count_hidden":0,"_bbp_reply_count_hidden":0,"_bbp_forum_subforum_count":0,"footnotes":""},"categories":[77,1,4],"tags":[],"class_list":["post-1414","post","type-post","status-publish","format-standard","hentry","category-escola-verda","category-general","category-portada"],"post_mailing_queue_ids":[],"_links":{"self":[{"href":"https:\/\/agora.xtec.cat\/escguillemisarn\/wp-json\/wp\/v2\/posts\/1414","targetHints":{"allow":["GET"]}}],"collection":[{"href":"https:\/\/agora.xtec.cat\/escguillemisarn\/wp-json\/wp\/v2\/posts"}],"about":[{"href":"https:\/\/agora.xtec.cat\/escguillemisarn\/wp-json\/wp\/v2\/types\/post"}],"author":[{"embeddable":true,"href":"https:\/\/agora.xtec.cat\/escguillemisarn\/wp-json\/wp\/v2\/users\/1"}],"replies":[{"embeddable":true,"href":"https:\/\/agora.xtec.cat\/escguillemisarn\/wp-json\/wp\/v2\/comments?post=1414"}],"version-history":[{"count":1,"href":"https:\/\/agora.xtec.cat\/escguillemisarn\/wp-json\/wp\/v2\/posts\/1414\/revisions"}],"predecessor-version":[{"id":1417,"href":"https:\/\/agora.xtec.cat\/escguillemisarn\/wp-json\/wp\/v2\/posts\/1414\/revisions\/1417"}],"wp:attachment":[{"href":"https:\/\/agora.xtec.cat\/escguillemisarn\/wp-json\/wp\/v2\/media?parent=1414"}],"wp:term":[{"taxonomy":"category","embeddable":true,"href":"https:\/\/agora.xtec.cat\/escguillemisarn\/wp-json\/wp\/v2\/categories?post=1414"},{"taxonomy":"post_tag","embeddable":true,"href":"https:\/\/agora.xtec.cat\/escguillemisarn\/wp-json\/wp\/v2\/tags?post=1414"}],"curies":[{"name":"wp","href":"https:\/\/api.w.org\/{rel}","templated":true}]}}