{"id":1408,"date":"2021-02-19T11:25:28","date_gmt":"2021-02-19T10:25:28","guid":{"rendered":"https:\/\/agora.xtec.cat\/escguillemisarn\/?p=1408"},"modified":"2021-03-16T15:43:59","modified_gmt":"2021-03-16T14:43:59","slug":"lassociacio-trenca-ens-parla-sobre-els-animals-en-perill-dextincio","status":"publish","type":"post","link":"https:\/\/agora.xtec.cat\/escguillemisarn\/general\/lassociacio-trenca-ens-parla-sobre-els-animals-en-perill-dextincio\/","title":{"rendered":"L&#8217;associaci\u00f3 Trenca ens parla sobre els animals en perill d&#8217;extinci\u00f3"},"content":{"rendered":"<p>Els alumnes de cicle superior hem gaudit de la xerrada sobre els animals en perill d&#8217;extinci\u00f3 que ens ha brindat l&#8217;associaci\u00f3 Trenca. Ha estat una xerrada molt amena on els alumnes hem gaudit molt\u00edssim de tots els animals que cal protegir i tamb\u00e9 de les causes de la seva desaparici\u00f3.<\/p>\n<p>Cal posar en valor la bona tasca que fan aquestes associacions ja que tenen <a href=\"https:\/\/agora.xtec.cat\/escguillemisarn\/wp-content\/uploads\/usu1631\/2021\/02\/Trenca.jpg\"><img loading=\"lazy\" decoding=\"async\" class=\"size-full wp-image-1409 alignright\" src=\"https:\/\/agora.xtec.cat\/escguillemisarn\/wp-content\/uploads\/usu1631\/2021\/02\/Trenca.jpg\" alt=\"\" width=\"225\" height=\"224\" srcset=\"https:\/\/agora.xtec.cat\/escguillemisarn\/wp-content\/uploads\/usu1631\/2021\/02\/Trenca.jpg 225w, https:\/\/agora.xtec.cat\/escguillemisarn\/wp-content\/uploads\/usu1631\/2021\/02\/Trenca-150x150.jpg 150w\" sizes=\"auto, (max-width: 225px) 100vw, 225px\" \/><\/a>cura de molts animals.<\/p>\n<p>Aqu\u00ed podeu veure algunes fotografies de la xerrada.<\/p>\n<p><a href=\"https:\/\/photos.app.goo.gl\/hU8p56AfSUaRoVLR7\">https:\/\/photos.app.goo.gl\/hU8p56AfSUaRoVLR7<\/a><\/p>\n<p>&nbsp;<\/p>\n","protected":false},"excerpt":{"rendered":"<p>Els alumnes de cicle superior hem gaudit de la xerrada sobre els animals en perill d&#8217;extinci\u00f3 que ens ha brindat l&#8217;associaci\u00f3 Trenca. Ha estat una xerrada molt amena on els alumnes hem gaudit molt\u00edssim de tots els animals que cal protegir i tamb\u00e9 de les&hellip;  <a href=\"https:\/\/agora.xtec.cat\/escguillemisarn\/general\/lassociacio-trenca-ens-parla-sobre-els-animals-en-perill-dextincio\/\" title=\"Read L&#8217;associaci\u00f3 Trenca ens parla sobre els animals en perill d&#8217;extinci\u00f3\">Llegeix m\u00e9s\u00bb<\/a><\/p>\n","protected":false},"author":18,"featured_media":0,"comment_status":"open","ping_status":"closed","sticky":false,"template":"","format":"standard","meta":{"_bbp_topic_count":0,"_bbp_reply_count":0,"_bbp_total_topic_count":0,"_bbp_total_reply_count":0,"_bbp_voice_count":0,"_bbp_anonymous_reply_count":0,"_bbp_topic_count_hidden":0,"_bbp_reply_count_hidden":0,"_bbp_forum_subforum_count":0,"footnotes":""},"categories":[73,77,1,4],"tags":[],"class_list":["post-1408","post","type-post","status-publish","format-standard","hentry","category-cs","category-escola-verda","category-general","category-portada"],"post_mailing_queue_ids":[],"_links":{"self":[{"href":"https:\/\/agora.xtec.cat\/escguillemisarn\/wp-json\/wp\/v2\/posts\/1408","targetHints":{"allow":["GET"]}}],"collection":[{"href":"https:\/\/agora.xtec.cat\/escguillemisarn\/wp-json\/wp\/v2\/posts"}],"about":[{"href":"https:\/\/agora.xtec.cat\/escguillemisarn\/wp-json\/wp\/v2\/types\/post"}],"author":[{"embeddable":true,"href":"https:\/\/agora.xtec.cat\/escguillemisarn\/wp-json\/wp\/v2\/users\/18"}],"replies":[{"embeddable":true,"href":"https:\/\/agora.xtec.cat\/escguillemisarn\/wp-json\/wp\/v2\/comments?post=1408"}],"version-history":[{"count":1,"href":"https:\/\/agora.xtec.cat\/escguillemisarn\/wp-json\/wp\/v2\/posts\/1408\/revisions"}],"predecessor-version":[{"id":1410,"href":"https:\/\/agora.xtec.cat\/escguillemisarn\/wp-json\/wp\/v2\/posts\/1408\/revisions\/1410"}],"wp:attachment":[{"href":"https:\/\/agora.xtec.cat\/escguillemisarn\/wp-json\/wp\/v2\/media?parent=1408"}],"wp:term":[{"taxonomy":"category","embeddable":true,"href":"https:\/\/agora.xtec.cat\/escguillemisarn\/wp-json\/wp\/v2\/categories?post=1408"},{"taxonomy":"post_tag","embeddable":true,"href":"https:\/\/agora.xtec.cat\/escguillemisarn\/wp-json\/wp\/v2\/tags?post=1408"}],"curies":[{"name":"wp","href":"https:\/\/api.w.org\/{rel}","templated":true}]}}